{"id":991566,"date":"2026-04-29T13:11:20","date_gmt":"2026-04-29T11:11:20","guid":{"rendered":"https:\/\/rfess.es\/?p=991566"},"modified":"2026-04-29T13:16:54","modified_gmt":"2026-04-29T11:16:54","slug":"gran-canaria-reune-a-mas-de-80-delegados-de-23-paises-en-las-comisiones-europeas-de-salvamento-y-socorrismo","status":"publish","type":"post","link":"https:\/\/rfess.es\/es\/gran-canaria-reune-a-mas-de-80-delegados-de-23-paises-en-las-comisiones-europeas-de-salvamento-y-socorrismo\/","title":{"rendered":"GRAN CANARIA RE\u00daNE A M\u00c1S DE 80 DELEGADOS DE 23 PA\u00cdSES EN LAS COMISIONES EUROPEAS DE SALVAMENTO Y SOCORRISMO"},"content":{"rendered":"<div data-elementor-type=\"wp-post\" data-elementor-id=\"991566\" class=\"elementor elementor-991566\" data-elementor-post-type=\"post\">\n\t\t\t\t<div class=\"elementor-element elementor-element-2ee28a5 e-flex e-con-boxed e-con e-parent\" data-id=\"2ee28a5\" data-element_type=\"container\" data-e-type=\"container\">\n\t\t\t\t\t<div class=\"e-con-inner\">\n\t\t\t\t<div class=\"vamtam-has-theme-widget-styles elementor-element elementor-element-1defe45 elementor-widget elementor-widget-text-editor\" data-id=\"1defe45\" data-element_type=\"widget\" data-e-type=\"widget\" data-widget_type=\"text-editor.default\">\n\t\t\t\t<div class=\"elementor-widget-container\">\n\t\t\t\t\t\t\t\t\t<p><span style=\"font-weight: 400;\">Gran Canaria ha acogido del 24 al 26 de abril de 2026 las Comisiones de la International Life Saving Federation of Europe (ILSE), organizadas por la Real Federaci\u00f3n Espa\u00f1ola de Salvamento y Socorrismo. Se trata de uno de los encuentros m\u00e1s relevantes del calendario internacional del salvamento y socorrismo, en el que se han dado cita los delegados oficiales de las federaciones de 23 pa\u00edses europeos.<\/span><\/p><p><span style=\"font-weight: 400;\">Durante tres jornadas de trabajo y networking, representantes de las principales organizaciones europeas, han abordado l\u00edneas estrat\u00e9gicas que marcar\u00e1n el correcto desarrollo del salvamento y socorrismo.<\/span><\/p>\t\t\t\t\t\t\t\t<\/div>\n\t\t\t\t<\/div>\n\t\t\t\t<div class=\"vamtam-has-theme-widget-styles elementor-element elementor-element-9d12299 elementor-widget elementor-widget-heading\" data-id=\"9d12299\" data-element_type=\"widget\" data-e-type=\"widget\" data-widget_type=\"heading.default\">\n\t\t\t\t<div class=\"elementor-widget-container\">\n\t\t\t\t\t<h2 class=\"elementor-heading-title elementor-size-default\">Un encuentro clave para el desarrollo del Salvamento y Socorrismo en Europa<\/h2>\t\t\t\t<\/div>\n\t\t\t\t<\/div>\n\t\t\t\t<div class=\"vamtam-has-theme-widget-styles elementor-element elementor-element-d993b17 elementor-widget elementor-widget-text-editor\" data-id=\"d993b17\" data-element_type=\"widget\" data-e-type=\"widget\" data-widget_type=\"text-editor.default\">\n\t\t\t\t<div class=\"elementor-widget-container\">\n\t\t\t\t\t\t\t\t\t<p><span style=\"font-weight: 400;\">Las Comisiones Europeas de la ILSE constituyen uno de los principales espacios de decisi\u00f3n dentro de la estructura europea del salvamento y socorrismo, donde se definen prioridades, se eval\u00faan los avances realizados y se establecen metas de cooperaci\u00f3n internacional.<\/span><\/p><p><span style=\"font-weight: 400;\">En esta edici\u00f3n se han reunido las cuatro comisiones estrat\u00e9gicas que articulan la actividad de la ILSE:<\/span><\/p><ul><li style=\"font-weight: 400;\" aria-level=\"1\"><span style=\"font-weight: 400;\">La Comisi\u00f3n de Gesti\u00f3n y Administraci\u00f3n, encargada de la gesti\u00f3n institucional y sostenibilidad organizativa.<\/span><\/li><li style=\"font-weight: 400;\" aria-level=\"1\"><span style=\"font-weight: 400;\">La Comisi\u00f3n de Prevenci\u00f3n de Ahogamientos, centrada en el dise\u00f1o de pol\u00edticas y acciones para prevenir ahogamientos.<\/span><\/li><li style=\"font-weight: 400;\" aria-level=\"1\"><span style=\"font-weight: 400;\">La Comisi\u00f3n de Rescate, en ella se establecen y desarrollan protocolos ante emergencias acu\u00e1ticas.<\/span><\/li><li style=\"font-weight: 400;\" aria-level=\"1\"><span style=\"font-weight: 400;\">La Comisi\u00f3n de Deporte, responsable del desarrollo deportivo y regulaci\u00f3n de competiciones.<\/span><\/li><\/ul><p><span style=\"font-weight: 400;\">El trabajo conjunto de estas \u00e1reas permite avanzar en una estrategia com\u00fan a nivel europeo, reforzando la seguridad acu\u00e1tica y la cooperaci\u00f3n entre pa\u00edses.<\/span><\/p>\t\t\t\t\t\t\t\t<\/div>\n\t\t\t\t<\/div>\n\t\t\t\t<div class=\"vamtam-has-theme-widget-styles elementor-element elementor-element-a58bab4 elementor-widget elementor-widget-heading\" data-id=\"a58bab4\" data-element_type=\"widget\" data-e-type=\"widget\" data-widget_type=\"heading.default\">\n\t\t\t\t<div class=\"elementor-widget-container\">\n\t\t\t\t\t<h2 class=\"elementor-heading-title elementor-size-default\">Gran Canaria, sede de referencia internacional<\/h2>\t\t\t\t<\/div>\n\t\t\t\t<\/div>\n\t\t\t\t<div class=\"vamtam-has-theme-widget-styles elementor-element elementor-element-c058aff elementor-widget elementor-widget-text-editor\" data-id=\"c058aff\" data-element_type=\"widget\" data-e-type=\"widget\" data-widget_type=\"text-editor.default\">\n\t\t\t\t<div class=\"elementor-widget-container\">\n\t\t\t\t\t\t\t\t\t<p><span style=\"font-weight: 400;\">La elecci\u00f3n de Gran Canaria como sede este a\u00f1o, refuerza el posicionamiento de Espa\u00f1a como punto de encuentro del salvamento y socorrismo europeo. El encuentro ha contado con la presencia de Dirk Bissinger, presidente de la International Life Saving Federation of <\/span><span style=\"font-weight: 400;\">Europe (ILSE); Samuel G\u00f3mez Mayor, presidente de la Real Federaci\u00f3n Espa\u00f1ola de Salvamento y Socorrismo (RFESS); y Claire Ann V. Alfonso, vicepresidenta de la ILSE, junto a otros representantes oficiales del \u00e1mbito europeo.<\/span><\/p><p><span style=\"font-weight: 400;\">La participaci\u00f3n de estas figuras refuerza el car\u00e1cter estrat\u00e9gico del evento y su relevancia dentro del panorama internacional del salvamento y socorrismo.<\/span><\/p><p><span style=\"font-weight: 400;\">Con este encuentro, la Real Federaci\u00f3n Espa\u00f1ola de Salvamento y Socorrismo reafirma su compromiso con el desarrollo internacional del sector y su papel activo en la construcci\u00f3n de una Europa m\u00e1s segura en el medio acu\u00e1tico.<\/span><\/p>\t\t\t\t\t\t\t\t<\/div>\n\t\t\t\t<\/div>\n\t\t\t\t<div class=\"elementor-element elementor-element-582acab elementor-arrows-position-outside elementor-widget elementor-widget-image-carousel\" data-id=\"582acab\" data-element_type=\"widget\" data-e-type=\"widget\" data-settings=\"{&quot;slides_to_show&quot;:&quot;1&quot;,&quot;navigation&quot;:&quot;arrows&quot;,&quot;infinite&quot;:&quot;yes&quot;,&quot;effect&quot;:&quot;slide&quot;,&quot;speed&quot;:500}\" data-widget_type=\"image-carousel.default\">\n\t\t\t\t<div class=\"elementor-widget-container\">\n\t\t\t\t\t\t\t<div class=\"elementor-image-carousel-wrapper swiper\" role=\"region\" aria-roledescription=\"carousel\" aria-label=\"Carrusel de im\u00e1genes\" dir=\"ltr\">\n\t\t\t<div class=\"elementor-image-carousel swiper-wrapper\" aria-live=\"polite\">\n\t\t\t\t\t\t\t\t<div class=\"swiper-slide\" role=\"group\" aria-roledescription=\"slide\" aria-label=\"1 de 4\"><figure class=\"swiper-slide-inner\"><img decoding=\"async\" class=\"swiper-slide-image\" src=\"https:\/\/rfess.es\/wp-content\/uploads\/2026\/04\/WhatsApp-Image-2026-04-29-at-12.12.42-PM-1.jpeg\" alt=\"WhatsApp Image 2026-04-29 at 12.12.42 PM (1)\" \/><\/figure><\/div><div class=\"swiper-slide\" role=\"group\" aria-roledescription=\"slide\" aria-label=\"2 de 4\"><figure class=\"swiper-slide-inner\"><img decoding=\"async\" class=\"swiper-slide-image\" src=\"https:\/\/rfess.es\/wp-content\/uploads\/2026\/04\/WhatsApp-Image-2026-04-29-at-12.12.42-PM-2.jpeg\" alt=\"WhatsApp Image 2026-04-29 at 12.12.42 PM (2)\" \/><\/figure><\/div><div class=\"swiper-slide\" role=\"group\" aria-roledescription=\"slide\" aria-label=\"3 de 4\"><figure class=\"swiper-slide-inner\"><img decoding=\"async\" class=\"swiper-slide-image\" src=\"https:\/\/rfess.es\/wp-content\/uploads\/2026\/04\/WhatsApp-Image-2026-04-29-at-12.12.42-PM.jpeg\" alt=\"WhatsApp Image 2026-04-29 at 12.12.42 PM\" \/><\/figure><\/div><div class=\"swiper-slide\" role=\"group\" aria-roledescription=\"slide\" aria-label=\"4 de 4\"><figure class=\"swiper-slide-inner\"><img decoding=\"async\" class=\"swiper-slide-image\" src=\"https:\/\/rfess.es\/wp-content\/uploads\/2026\/04\/WhatsApp-Image-2026-04-29-at-12.12.43-PM.jpeg\" alt=\"WhatsApp Image 2026-04-29 at 12.12.43 PM\" \/><\/figure><\/div>\t\t\t<\/div>\n\t\t\t\t\t\t\t\t\t\t\t\t<div class=\"elementor-swiper-button elementor-swiper-button-prev\" role=\"button\" tabindex=\"0\">\n\t\t\t\t\t\t<i aria-hidden=\"true\" class=\"vamtamtheme- vamtam-theme-arrow-left\"><\/i>\t\t\t\t\t<\/div>\n\t\t\t\t\t<div class=\"elementor-swiper-button elementor-swiper-button-next\" role=\"button\" tabindex=\"0\">\n\t\t\t\t\t\t<i aria-hidden=\"true\" class=\"vamtamtheme- vamtam-theme-arrow-right\"><\/i>\t\t\t\t\t<\/div>\n\t\t\t\t\n\t\t\t\t\t\t\t\t\t<\/div>\n\t\t\t\t\t\t<\/div>\n\t\t\t\t<\/div>\n\t\t\t\t\t<\/div>\n\t\t\t\t<\/div>\n\t\t\t\t<\/div>","protected":false},"excerpt":{"rendered":"<p>El encuentro de la ILSE define las estrategias europeas en el marco del salvamento y socorrismo.<\/p>","protected":false},"author":4,"featured_media":991568,"comment_status":"closed","ping_status":"closed","sticky":false,"template":"","format":"standard","meta":{"_acf_changed":false,"footnotes":""},"categories":[1],"tags":[],"class_list":["post-991566","post","type-post","status-publish","format-standard","has-post-thumbnail","hentry","category-sin-categoria"],"acf":[],"yoast_head":"<!-- This site is optimized with the Yoast SEO plugin v27.3 - https:\/\/yoast.com\/product\/yoast-seo-wordpress\/ -->\n<title>GRAN CANARIA RE\u00daNE A M\u00c1S DE 80 DELEGADOS DE 23 PA\u00cdSES EN LAS COMISIONES EUROPEAS DE SALVAMENTO Y SOCORRISMO - RFESS<\/title>\n<meta name=\"robots\" content=\"index, follow, max-snippet:-1, max-image-preview:large, max-video-preview:-1\" \/>\n<link rel=\"canonical\" href=\"https:\/\/rfess.es\/es\/gran-canaria-reune-a-mas-de-80-delegados-de-23-paises-en-las-comisiones-europeas-de-salvamento-y-socorrismo\/\" \/>\n<meta property=\"og:locale\" content=\"es_ES\" \/>\n<meta property=\"og:type\" content=\"article\" \/>\n<meta property=\"og:title\" content=\"GRAN CANARIA RE\u00daNE A M\u00c1S DE 80 DELEGADOS DE 23 PA\u00cdSES EN LAS COMISIONES EUROPEAS DE SALVAMENTO Y SOCORRISMO - RFESS\" \/>\n<meta property=\"og:description\" content=\"El encuentro de la ILSE define las estrategias europeas en el marco del salvamento y socorrismo.\" \/>\n<meta property=\"og:url\" content=\"https:\/\/rfess.es\/es\/gran-canaria-reune-a-mas-de-80-delegados-de-23-paises-en-las-comisiones-europeas-de-salvamento-y-socorrismo\/\" \/>\n<meta property=\"og:site_name\" content=\"RFESS\" \/>\n<meta property=\"article:published_time\" content=\"2026-04-29T11:11:20+00:00\" \/>\n<meta property=\"article:modified_time\" content=\"2026-04-29T11:16:54+00:00\" \/>\n<meta property=\"og:image\" content=\"https:\/\/rfess.es\/wp-content\/uploads\/2026\/04\/WhatsApp-Image-2026-04-29-at-12.12.20-PM.jpeg\" \/>\n\t<meta property=\"og:image:width\" content=\"1280\" \/>\n\t<meta property=\"og:image:height\" content=\"853\" \/>\n\t<meta property=\"og:image:type\" content=\"image\/jpeg\" \/>\n<meta name=\"author\" content=\"Alba-Abside\" \/>\n<meta name=\"twitter:card\" content=\"summary_large_image\" \/>\n<meta name=\"twitter:label1\" content=\"Escrito por\" \/>\n\t<meta name=\"twitter:data1\" content=\"Alba-Abside\" \/>\n\t<meta name=\"twitter:label2\" content=\"Tiempo de lectura\" \/>\n\t<meta name=\"twitter:data2\" content=\"3 minutos\" \/>\n<script type=\"application\/ld+json\" class=\"yoast-schema-graph\">{\"@context\":\"https:\\\/\\\/schema.org\",\"@graph\":[{\"@type\":\"Article\",\"@id\":\"https:\\\/\\\/rfess.es\\\/gran-canaria-reune-a-mas-de-80-delegados-de-23-paises-en-las-comisiones-europeas-de-salvamento-y-socorrismo\\\/#article\",\"isPartOf\":{\"@id\":\"https:\\\/\\\/rfess.es\\\/gran-canaria-reune-a-mas-de-80-delegados-de-23-paises-en-las-comisiones-europeas-de-salvamento-y-socorrismo\\\/\"},\"author\":{\"name\":\"Alba-Abside\",\"@id\":\"https:\\\/\\\/rfess.es\\\/#\\\/schema\\\/person\\\/7254640f40e40b6e244b7506598aa3c6\"},\"headline\":\"GRAN CANARIA RE\u00daNE A M\u00c1S DE 80 DELEGADOS DE 23 PA\u00cdSES EN LAS COMISIONES EUROPEAS DE SALVAMENTO Y SOCORRISMO\",\"datePublished\":\"2026-04-29T11:11:20+00:00\",\"dateModified\":\"2026-04-29T11:16:54+00:00\",\"mainEntityOfPage\":{\"@id\":\"https:\\\/\\\/rfess.es\\\/gran-canaria-reune-a-mas-de-80-delegados-de-23-paises-en-las-comisiones-europeas-de-salvamento-y-socorrismo\\\/\"},\"wordCount\":437,\"publisher\":{\"@id\":\"https:\\\/\\\/rfess.es\\\/#organization\"},\"image\":{\"@id\":\"https:\\\/\\\/rfess.es\\\/gran-canaria-reune-a-mas-de-80-delegados-de-23-paises-en-las-comisiones-europeas-de-salvamento-y-socorrismo\\\/#primaryimage\"},\"thumbnailUrl\":\"https:\\\/\\\/rfess.es\\\/wp-content\\\/uploads\\\/2026\\\/04\\\/WhatsApp-Image-2026-04-29-at-12.12.20-PM.jpeg\",\"inLanguage\":\"es\"},{\"@type\":\"WebPage\",\"@id\":\"https:\\\/\\\/rfess.es\\\/gran-canaria-reune-a-mas-de-80-delegados-de-23-paises-en-las-comisiones-europeas-de-salvamento-y-socorrismo\\\/\",\"url\":\"https:\\\/\\\/rfess.es\\\/gran-canaria-reune-a-mas-de-80-delegados-de-23-paises-en-las-comisiones-europeas-de-salvamento-y-socorrismo\\\/\",\"name\":\"GRAN CANARIA RE\u00daNE A M\u00c1S DE 80 DELEGADOS DE 23 PA\u00cdSES EN LAS COMISIONES EUROPEAS DE SALVAMENTO Y SOCORRISMO - RFESS\",\"isPartOf\":{\"@id\":\"https:\\\/\\\/rfess.es\\\/#website\"},\"primaryImageOfPage\":{\"@id\":\"https:\\\/\\\/rfess.es\\\/gran-canaria-reune-a-mas-de-80-delegados-de-23-paises-en-las-comisiones-europeas-de-salvamento-y-socorrismo\\\/#primaryimage\"},\"image\":{\"@id\":\"https:\\\/\\\/rfess.es\\\/gran-canaria-reune-a-mas-de-80-delegados-de-23-paises-en-las-comisiones-europeas-de-salvamento-y-socorrismo\\\/#primaryimage\"},\"thumbnailUrl\":\"https:\\\/\\\/rfess.es\\\/wp-content\\\/uploads\\\/2026\\\/04\\\/WhatsApp-Image-2026-04-29-at-12.12.20-PM.jpeg\",\"datePublished\":\"2026-04-29T11:11:20+00:00\",\"dateModified\":\"2026-04-29T11:16:54+00:00\",\"breadcrumb\":{\"@id\":\"https:\\\/\\\/rfess.es\\\/gran-canaria-reune-a-mas-de-80-delegados-de-23-paises-en-las-comisiones-europeas-de-salvamento-y-socorrismo\\\/#breadcrumb\"},\"inLanguage\":\"es\",\"potentialAction\":[{\"@type\":\"ReadAction\",\"target\":[\"https:\\\/\\\/rfess.es\\\/gran-canaria-reune-a-mas-de-80-delegados-de-23-paises-en-las-comisiones-europeas-de-salvamento-y-socorrismo\\\/\"]}]},{\"@type\":\"ImageObject\",\"inLanguage\":\"es\",\"@id\":\"https:\\\/\\\/rfess.es\\\/gran-canaria-reune-a-mas-de-80-delegados-de-23-paises-en-las-comisiones-europeas-de-salvamento-y-socorrismo\\\/#primaryimage\",\"url\":\"https:\\\/\\\/rfess.es\\\/wp-content\\\/uploads\\\/2026\\\/04\\\/WhatsApp-Image-2026-04-29-at-12.12.20-PM.jpeg\",\"contentUrl\":\"https:\\\/\\\/rfess.es\\\/wp-content\\\/uploads\\\/2026\\\/04\\\/WhatsApp-Image-2026-04-29-at-12.12.20-PM.jpeg\",\"width\":1280,\"height\":853},{\"@type\":\"BreadcrumbList\",\"@id\":\"https:\\\/\\\/rfess.es\\\/gran-canaria-reune-a-mas-de-80-delegados-de-23-paises-en-las-comisiones-europeas-de-salvamento-y-socorrismo\\\/#breadcrumb\",\"itemListElement\":[{\"@type\":\"ListItem\",\"position\":1,\"name\":\"Portada\",\"item\":\"https:\\\/\\\/rfess.es\\\/\"},{\"@type\":\"ListItem\",\"position\":2,\"name\":\"GRAN CANARIA RE\u00daNE A M\u00c1S DE 80 DELEGADOS DE 23 PA\u00cdSES EN LAS COMISIONES EUROPEAS DE SALVAMENTO Y SOCORRISMO\"}]},{\"@type\":\"WebSite\",\"@id\":\"https:\\\/\\\/rfess.es\\\/#website\",\"url\":\"https:\\\/\\\/rfess.es\\\/\",\"name\":\"RFESS\",\"description\":\"Real Federaci\u00f3n Espa\u00f1ola de Salvamento y Socorrismo RFESS\",\"publisher\":{\"@id\":\"https:\\\/\\\/rfess.es\\\/#organization\"},\"potentialAction\":[{\"@type\":\"SearchAction\",\"target\":{\"@type\":\"EntryPoint\",\"urlTemplate\":\"https:\\\/\\\/rfess.es\\\/?s={search_term_string}\"},\"query-input\":{\"@type\":\"PropertyValueSpecification\",\"valueRequired\":true,\"valueName\":\"search_term_string\"}}],\"inLanguage\":\"es\"},{\"@type\":\"Organization\",\"@id\":\"https:\\\/\\\/rfess.es\\\/#organization\",\"name\":\"RFESS\",\"url\":\"https:\\\/\\\/rfess.es\\\/\",\"logo\":{\"@type\":\"ImageObject\",\"inLanguage\":\"es\",\"@id\":\"https:\\\/\\\/rfess.es\\\/#\\\/schema\\\/logo\\\/image\\\/\",\"url\":\"https:\\\/\\\/rfess.es\\\/wp-content\\\/uploads\\\/2025\\\/10\\\/logo-rfess.png\",\"contentUrl\":\"https:\\\/\\\/rfess.es\\\/wp-content\\\/uploads\\\/2025\\\/10\\\/logo-rfess.png\",\"width\":544,\"height\":180,\"caption\":\"RFESS\"},\"image\":{\"@id\":\"https:\\\/\\\/rfess.es\\\/#\\\/schema\\\/logo\\\/image\\\/\"}},{\"@type\":\"Person\",\"@id\":\"https:\\\/\\\/rfess.es\\\/#\\\/schema\\\/person\\\/7254640f40e40b6e244b7506598aa3c6\",\"name\":\"Alba-Abside\",\"image\":{\"@type\":\"ImageObject\",\"inLanguage\":\"es\",\"@id\":\"https:\\\/\\\/secure.gravatar.com\\\/avatar\\\/b320f2ae3b57998796bc260cacea0d6bdf8a9c1c32ac39260a15ba0044a38ab4?s=96&d=mm&r=g\",\"url\":\"https:\\\/\\\/secure.gravatar.com\\\/avatar\\\/b320f2ae3b57998796bc260cacea0d6bdf8a9c1c32ac39260a15ba0044a38ab4?s=96&d=mm&r=g\",\"contentUrl\":\"https:\\\/\\\/secure.gravatar.com\\\/avatar\\\/b320f2ae3b57998796bc260cacea0d6bdf8a9c1c32ac39260a15ba0044a38ab4?s=96&d=mm&r=g\",\"caption\":\"Alba-Abside\"},\"url\":\"https:\\\/\\\/rfess.es\\\/es\\\/author\\\/alba-abside\\\/\"}]}<\/script>\n<!-- \/ Yoast SEO plugin. -->","yoast_head_json":{"title":"GRAN CANARIA RE\u00daNE A M\u00c1S DE 80 DELEGADOS DE 23 PA\u00cdSES EN LAS COMISIONES EUROPEAS DE SALVAMENTO Y SOCORRISMO - RFESS","robots":{"index":"index","follow":"follow","max-snippet":"max-snippet:-1","max-image-preview":"max-image-preview:large","max-video-preview":"max-video-preview:-1"},"canonical":"https:\/\/rfess.es\/es\/gran-canaria-reune-a-mas-de-80-delegados-de-23-paises-en-las-comisiones-europeas-de-salvamento-y-socorrismo\/","og_locale":"es_ES","og_type":"article","og_title":"GRAN CANARIA RE\u00daNE A M\u00c1S DE 80 DELEGADOS DE 23 PA\u00cdSES EN LAS COMISIONES EUROPEAS DE SALVAMENTO Y SOCORRISMO - RFESS","og_description":"El encuentro de la ILSE define las estrategias europeas en el marco del salvamento y socorrismo.","og_url":"https:\/\/rfess.es\/es\/gran-canaria-reune-a-mas-de-80-delegados-de-23-paises-en-las-comisiones-europeas-de-salvamento-y-socorrismo\/","og_site_name":"RFESS","article_published_time":"2026-04-29T11:11:20+00:00","article_modified_time":"2026-04-29T11:16:54+00:00","og_image":[{"width":1280,"height":853,"url":"https:\/\/rfess.es\/wp-content\/uploads\/2026\/04\/WhatsApp-Image-2026-04-29-at-12.12.20-PM.jpeg","type":"image\/jpeg"}],"author":"Alba-Abside","twitter_card":"summary_large_image","twitter_misc":{"Escrito por":"Alba-Abside","Tiempo de lectura":"3 minutos"},"schema":{"@context":"https:\/\/schema.org","@graph":[{"@type":"Article","@id":"https:\/\/rfess.es\/gran-canaria-reune-a-mas-de-80-delegados-de-23-paises-en-las-comisiones-europeas-de-salvamento-y-socorrismo\/#article","isPartOf":{"@id":"https:\/\/rfess.es\/gran-canaria-reune-a-mas-de-80-delegados-de-23-paises-en-las-comisiones-europeas-de-salvamento-y-socorrismo\/"},"author":{"name":"Alba-Abside","@id":"https:\/\/rfess.es\/#\/schema\/person\/7254640f40e40b6e244b7506598aa3c6"},"headline":"GRAN CANARIA RE\u00daNE A M\u00c1S DE 80 DELEGADOS DE 23 PA\u00cdSES EN LAS COMISIONES EUROPEAS DE SALVAMENTO Y SOCORRISMO","datePublished":"2026-04-29T11:11:20+00:00","dateModified":"2026-04-29T11:16:54+00:00","mainEntityOfPage":{"@id":"https:\/\/rfess.es\/gran-canaria-reune-a-mas-de-80-delegados-de-23-paises-en-las-comisiones-europeas-de-salvamento-y-socorrismo\/"},"wordCount":437,"publisher":{"@id":"https:\/\/rfess.es\/#organization"},"image":{"@id":"https:\/\/rfess.es\/gran-canaria-reune-a-mas-de-80-delegados-de-23-paises-en-las-comisiones-europeas-de-salvamento-y-socorrismo\/#primaryimage"},"thumbnailUrl":"https:\/\/rfess.es\/wp-content\/uploads\/2026\/04\/WhatsApp-Image-2026-04-29-at-12.12.20-PM.jpeg","inLanguage":"es"},{"@type":"WebPage","@id":"https:\/\/rfess.es\/gran-canaria-reune-a-mas-de-80-delegados-de-23-paises-en-las-comisiones-europeas-de-salvamento-y-socorrismo\/","url":"https:\/\/rfess.es\/gran-canaria-reune-a-mas-de-80-delegados-de-23-paises-en-las-comisiones-europeas-de-salvamento-y-socorrismo\/","name":"GRAN CANARIA RE\u00daNE A M\u00c1S DE 80 DELEGADOS DE 23 PA\u00cdSES EN LAS COMISIONES EUROPEAS DE SALVAMENTO Y SOCORRISMO - RFESS","isPartOf":{"@id":"https:\/\/rfess.es\/#website"},"primaryImageOfPage":{"@id":"https:\/\/rfess.es\/gran-canaria-reune-a-mas-de-80-delegados-de-23-paises-en-las-comisiones-europeas-de-salvamento-y-socorrismo\/#primaryimage"},"image":{"@id":"https:\/\/rfess.es\/gran-canaria-reune-a-mas-de-80-delegados-de-23-paises-en-las-comisiones-europeas-de-salvamento-y-socorrismo\/#primaryimage"},"thumbnailUrl":"https:\/\/rfess.es\/wp-content\/uploads\/2026\/04\/WhatsApp-Image-2026-04-29-at-12.12.20-PM.jpeg","datePublished":"2026-04-29T11:11:20+00:00","dateModified":"2026-04-29T11:16:54+00:00","breadcrumb":{"@id":"https:\/\/rfess.es\/gran-canaria-reune-a-mas-de-80-delegados-de-23-paises-en-las-comisiones-europeas-de-salvamento-y-socorrismo\/#breadcrumb"},"inLanguage":"es","potentialAction":[{"@type":"ReadAction","target":["https:\/\/rfess.es\/gran-canaria-reune-a-mas-de-80-delegados-de-23-paises-en-las-comisiones-europeas-de-salvamento-y-socorrismo\/"]}]},{"@type":"ImageObject","inLanguage":"es","@id":"https:\/\/rfess.es\/gran-canaria-reune-a-mas-de-80-delegados-de-23-paises-en-las-comisiones-europeas-de-salvamento-y-socorrismo\/#primaryimage","url":"https:\/\/rfess.es\/wp-content\/uploads\/2026\/04\/WhatsApp-Image-2026-04-29-at-12.12.20-PM.jpeg","contentUrl":"https:\/\/rfess.es\/wp-content\/uploads\/2026\/04\/WhatsApp-Image-2026-04-29-at-12.12.20-PM.jpeg","width":1280,"height":853},{"@type":"BreadcrumbList","@id":"https:\/\/rfess.es\/gran-canaria-reune-a-mas-de-80-delegados-de-23-paises-en-las-comisiones-europeas-de-salvamento-y-socorrismo\/#breadcrumb","itemListElement":[{"@type":"ListItem","position":1,"name":"Portada","item":"https:\/\/rfess.es\/"},{"@type":"ListItem","position":2,"name":"GRAN CANARIA RE\u00daNE A M\u00c1S DE 80 DELEGADOS DE 23 PA\u00cdSES EN LAS COMISIONES EUROPEAS DE SALVAMENTO Y SOCORRISMO"}]},{"@type":"WebSite","@id":"https:\/\/rfess.es\/#website","url":"https:\/\/rfess.es\/","name":"RFESS","description":"Real Federaci\u00f3n Espa\u00f1ola de Salvamento y Socorrismo RFESS","publisher":{"@id":"https:\/\/rfess.es\/#organization"},"potentialAction":[{"@type":"SearchAction","target":{"@type":"EntryPoint","urlTemplate":"https:\/\/rfess.es\/?s={search_term_string}"},"query-input":{"@type":"PropertyValueSpecification","valueRequired":true,"valueName":"search_term_string"}}],"inLanguage":"es"},{"@type":"Organization","@id":"https:\/\/rfess.es\/#organization","name":"RFESS","url":"https:\/\/rfess.es\/","logo":{"@type":"ImageObject","inLanguage":"es","@id":"https:\/\/rfess.es\/#\/schema\/logo\/image\/","url":"https:\/\/rfess.es\/wp-content\/uploads\/2025\/10\/logo-rfess.png","contentUrl":"https:\/\/rfess.es\/wp-content\/uploads\/2025\/10\/logo-rfess.png","width":544,"height":180,"caption":"RFESS"},"image":{"@id":"https:\/\/rfess.es\/#\/schema\/logo\/image\/"}},{"@type":"Person","@id":"https:\/\/rfess.es\/#\/schema\/person\/7254640f40e40b6e244b7506598aa3c6","name":"Alba-Abside","image":{"@type":"ImageObject","inLanguage":"es","@id":"https:\/\/secure.gravatar.com\/avatar\/b320f2ae3b57998796bc260cacea0d6bdf8a9c1c32ac39260a15ba0044a38ab4?s=96&d=mm&r=g","url":"https:\/\/secure.gravatar.com\/avatar\/b320f2ae3b57998796bc260cacea0d6bdf8a9c1c32ac39260a15ba0044a38ab4?s=96&d=mm&r=g","contentUrl":"https:\/\/secure.gravatar.com\/avatar\/b320f2ae3b57998796bc260cacea0d6bdf8a9c1c32ac39260a15ba0044a38ab4?s=96&d=mm&r=g","caption":"Alba-Abside"},"url":"https:\/\/rfess.es\/es\/author\/alba-abside\/"}]}},"_links":{"self":[{"href":"https:\/\/rfess.es\/es\/wp-json\/wp\/v2\/posts\/991566","targetHints":{"allow":["GET"]}}],"collection":[{"href":"https:\/\/rfess.es\/es\/wp-json\/wp\/v2\/posts"}],"about":[{"href":"https:\/\/rfess.es\/es\/wp-json\/wp\/v2\/types\/post"}],"author":[{"embeddable":true,"href":"https:\/\/rfess.es\/es\/wp-json\/wp\/v2\/users\/4"}],"replies":[{"embeddable":true,"href":"https:\/\/rfess.es\/es\/wp-json\/wp\/v2\/comments?post=991566"}],"version-history":[{"count":6,"href":"https:\/\/rfess.es\/es\/wp-json\/wp\/v2\/posts\/991566\/revisions"}],"predecessor-version":[{"id":991577,"href":"https:\/\/rfess.es\/es\/wp-json\/wp\/v2\/posts\/991566\/revisions\/991577"}],"wp:featuredmedia":[{"embeddable":true,"href":"https:\/\/rfess.es\/es\/wp-json\/wp\/v2\/media\/991568"}],"wp:attachment":[{"href":"https:\/\/rfess.es\/es\/wp-json\/wp\/v2\/media?parent=991566"}],"wp:term":[{"taxonomy":"category","embeddable":true,"href":"https:\/\/rfess.es\/es\/wp-json\/wp\/v2\/categories?post=991566"},{"taxonomy":"post_tag","embeddable":true,"href":"https:\/\/rfess.es\/es\/wp-json\/wp\/v2\/tags?post=991566"}],"curies":[{"name":"wp","href":"https:\/\/api.w.org\/{rel}","templated":true}]}}