{"id":990335,"date":"2026-03-04T12:24:50","date_gmt":"2026-03-04T11:24:50","guid":{"rendered":"https:\/\/rfess.es\/?p=990335"},"modified":"2026-03-06T08:56:39","modified_gmt":"2026-03-06T07:56:39","slug":"febrero-registra-19-ahogamientos-mortales-una-cifra-superior-a-la-media-historica","status":"publish","type":"post","link":"https:\/\/rfess.es\/es\/febrero-registra-19-ahogamientos-mortales-una-cifra-superior-a-la-media-historica\/","title":{"rendered":"FEBRERO REGISTRA 19 AHOGAMIENTOS MORTALES, UNA CIFRA SUPERIOR A LA MEDIA HIST\u00d3RICA"},"content":{"rendered":"<div data-elementor-type=\"wp-post\" data-elementor-id=\"990335\" class=\"elementor elementor-990335\" data-elementor-post-type=\"post\">\n\t\t\t\t<div class=\"elementor-element elementor-element-3529f6d e-flex e-con-boxed e-con e-parent\" data-id=\"3529f6d\" data-element_type=\"container\" data-e-type=\"container\">\n\t\t\t\t\t<div class=\"e-con-inner\">\n\t\t\t\t<div class=\"vamtam-has-theme-widget-styles elementor-element elementor-element-46160e3 elementor-widget elementor-widget-heading\" data-id=\"46160e3\" data-element_type=\"widget\" data-e-type=\"widget\" data-widget_type=\"heading.default\">\n\t\t\t\t<div class=\"elementor-widget-container\">\n\t\t\t\t\t<h2 class=\"elementor-heading-title elementor-size-default\">Es el cuarto mes de febrero con m\u00e1s fallecidos desde 2015 y eleva a 44 las v\u00edctimas en 2026<\/h2>\t\t\t\t<\/div>\n\t\t\t\t<\/div>\n\t\t\t\t<div class=\"vamtam-has-theme-widget-styles elementor-element elementor-element-41d9ce4 elementor-widget elementor-widget-text-editor\" data-id=\"41d9ce4\" data-element_type=\"widget\" data-e-type=\"widget\" data-widget_type=\"text-editor.default\">\n\t\t\t\t<div class=\"elementor-widget-container\">\n\t\t\t\t\t\t\t\t\t<p class=\"p1\">El mes de febrero se ha cerrado <strong>con 19 fallecimientos por ahogamiento no intencional en espacios acu\u00e1ticos espa\u00f1oles<\/strong>, seg\u00fan los datos recogidos por el <strong>Informe Nacional de Ahogamientos (INA)<\/strong> que elabora la <strong>Real Federaci\u00f3n Espa\u00f1ola de Salvamento y Socorrismo (RFESS).<\/strong><\/p><p class=\"p1\">La <strong>cifra se sit\u00faa por encima de la media de los meses de febrero de la \u00faltima d\u00e9cada<\/strong>, que se encuentra en 15 fallecidos, <span class=\"s1\">y convierte a este mes de 2026<\/span> <span class=\"s1\">en el cuarto con mayor n\u00famero de muertes<\/span> desde 2015. Solo los a\u00f1os 2024 (33), 2016 (20) y 2025 (20) registraron cifras superiores.<\/p><p class=\"p1\"><span class=\"s1\">Con estos datos, el <strong>n\u00famero total de fallecidos por ahogamiento asciende a 44 en lo que va de 2026.<\/strong><\/span><\/p><p class=\"p1\">Durante el mes de febrero, <strong>Canarias fue la comunidad con mayor n\u00famero de <span class=\"s1\">personas fallecidas<\/span><\/strong>, con 5 casos, seguida de<strong> Extremadura<\/strong>, con 3, y<strong> Andaluc\u00eda, Galicia, La Rioja y Regi\u00f3n de Murcia<\/strong>, con 2 en cada territorio.<\/p><p class=\"p1\">Asimismo, se registr\u00f3 un fallecimiento en <span class=\"s1\">el<\/span> <strong>Principado de Asturias, Pa\u00eds Vasco, Comunidad Foral de Navarra, Comunidad de Madrid y Comunidad Valenciana<\/strong>.<\/p>\t\t\t\t\t\t\t\t<\/div>\n\t\t\t\t<\/div>\n\t\t\t\t<div class=\"vamtam-has-theme-widget-styles elementor-element elementor-element-f24825c elementor-widget elementor-widget-heading\" data-id=\"f24825c\" data-element_type=\"widget\" data-e-type=\"widget\" data-widget_type=\"heading.default\">\n\t\t\t\t<div class=\"elementor-widget-container\">\n\t\t\t\t\t<h2 class=\"elementor-heading-title elementor-size-default\">R\u00cdO: EL ESPACIO DONDE M\u00c1S MUERTES SE HAN PRODUCIDO\n<\/h2>\t\t\t\t<\/div>\n\t\t\t\t<\/div>\n\t\t\t\t<div class=\"vamtam-has-theme-widget-styles elementor-element elementor-element-3754651 elementor-widget elementor-widget-text-editor\" data-id=\"3754651\" data-element_type=\"widget\" data-e-type=\"widget\" data-widget_type=\"text-editor.default\">\n\t\t\t\t<div class=\"elementor-widget-container\">\n\t\t\t\t\t\t\t\t\t<p class=\"p1\">El r\u00edo fue el <span class=\"s1\">espacio acu\u00e1tico<\/span> <span class=\"s1\">en el que se dio un mayor<\/span> n\u00famero de incidentes mortales en este segundo mes del 2026<span class=\"s1\">.<\/span> <strong>Diez fallecimientos <span class=\"s1\">ocurrieron<\/span> en r\u00edos<\/strong> (53%), 5 en playas (26%) y 4 (21%) en otros espacios acu\u00e1ticos.<\/p><p class=\"p1\"><span class=\"s1\"><strong>16<\/strong> <strong>de los<\/strong> <strong>casos registrados en febrero ocurrieron en un espacio donde no proced\u00eda la presencia de servicio de vigilancia<\/strong> por tratarse de zonas o periodos sin obligaci\u00f3n de esta<\/span>. <span class=\"s1\">Dos incidentes mortales sucedieron cuando el servicio no estaba activo<\/span> y \u00fanicamente <span class=\"s1\">en un caso hab\u00eda socorristas<\/span> en el momento del suceso.<\/p><p class=\"p1\">Por sexo, <strong>15 de las personas fallecidas eran hombres (79 %) y 4 mujeres (21 %),<\/strong> manteni\u00e9ndose la mayor incidencia en poblaci\u00f3n masculina. De ellos, la gran mayor\u00eda de las personas ahogadas eran de nacionalidad espa\u00f1ola (16), <span class=\"s1\">mientras que tres personas proced\u00edan de otros pa\u00edses de Europa<\/span>.<\/p><p class=\"p1\">El <b>tramo de edad m\u00e1s afectado fue el de 55 a 64 a\u00f1os<\/b>, con 5 fallecimientos<span class=\"s1\">, seguido por el de 65 a 74 a\u00f1os, con 4<\/span>. <span class=\"s1\">Tambi\u00e9n se registraron dos muertes en cada uno de los tramos comprendidos entre los 18 y 54 a\u00f1os y mayores de 75 a\u00f1os (diez en total).<\/span><\/p><p class=\"p1\">La <span class=\"s1\">RFESS<\/span> <span class=\"s1\">hace hincapi\u00e9<\/span> <span class=\"s1\">en<\/span> que la prevenci\u00f3n y la concienciaci\u00f3n en materia de seguridad acu\u00e1tica deben mantenerse durante todo el a\u00f1o, ya que los datos de febrero evidencian que el riesgo persiste m\u00e1s all\u00e1 de la temporada estival.<\/p>\t\t\t\t\t\t\t\t<\/div>\n\t\t\t\t<\/div>\n\t\t\t\t<div class=\"elementor-element elementor-element-c225bf0 elementor-blockquote--skin-boxed elementor-blockquote--align-center elementor-widget elementor-widget-blockquote\" data-id=\"c225bf0\" data-element_type=\"widget\" data-e-type=\"widget\" data-widget_type=\"blockquote.default\">\n\t\t\t\t<div class=\"elementor-widget-container\">\n\t\t\t\t\t\t\t<blockquote class=\"elementor-blockquote\">\n\t\t\t<p class=\"elementor-blockquote__content\">\n\t\t\t\tSE ADJUNTA el Informe Nacional de Ahogamientos de 2026 actualizado a 2 de marzo de 2026.\t\t\t<\/p>\n\t\t\t\t\t<\/blockquote>\n\t\t\t\t\t\t<\/div>\n\t\t\t\t<\/div>\n\t\t\t\t<div class=\"elementor-element elementor-element-fcdc672 elementor-arrows-position-outside elementor-widget elementor-widget-image-carousel\" data-id=\"fcdc672\" data-element_type=\"widget\" data-e-type=\"widget\" data-settings=\"{&quot;slides_to_show&quot;:&quot;1&quot;,&quot;navigation&quot;:&quot;arrows&quot;,&quot;infinite&quot;:&quot;yes&quot;,&quot;effect&quot;:&quot;slide&quot;,&quot;speed&quot;:500}\" data-widget_type=\"image-carousel.default\">\n\t\t\t\t<div class=\"elementor-widget-container\">\n\t\t\t\t\t\t\t<div class=\"elementor-image-carousel-wrapper swiper\" role=\"region\" aria-roledescription=\"carousel\" aria-label=\"Carrusel de im\u00e1genes\" dir=\"ltr\">\n\t\t\t<div class=\"elementor-image-carousel swiper-wrapper\" aria-live=\"polite\">\n\t\t\t\t\t\t\t\t<div class=\"swiper-slide\" role=\"group\" aria-roledescription=\"slide\" aria-label=\"1 de 2\"><figure class=\"swiper-slide-inner\"><img decoding=\"async\" class=\"swiper-slide-image\" src=\"https:\/\/rfess.es\/wp-content\/uploads\/2026\/03\/Captura-de-pantalla-2026-03-04-a-las-12.28.24-scaled.png\" alt=\"Captura de pantalla 2026-03-04 a las 12.28.24\" \/><\/figure><\/div><div class=\"swiper-slide\" role=\"group\" aria-roledescription=\"slide\" aria-label=\"2 de 2\"><figure class=\"swiper-slide-inner\"><img decoding=\"async\" class=\"swiper-slide-image\" src=\"https:\/\/rfess.es\/wp-content\/uploads\/2026\/03\/Captura-de-pantalla-2026-03-04-a-las-12.28.31-scaled.png\" alt=\"Captura de pantalla 2026-03-04 a las 12.28.31\" \/><\/figure><\/div>\t\t\t<\/div>\n\t\t\t\t\t\t\t\t\t\t\t\t<div class=\"elementor-swiper-button elementor-swiper-button-prev\" role=\"button\" tabindex=\"0\">\n\t\t\t\t\t\t<i aria-hidden=\"true\" class=\"vamtamtheme- vamtam-theme-arrow-left\"><\/i>\t\t\t\t\t<\/div>\n\t\t\t\t\t<div class=\"elementor-swiper-button elementor-swiper-button-next\" role=\"button\" tabindex=\"0\">\n\t\t\t\t\t\t<i aria-hidden=\"true\" class=\"vamtamtheme- vamtam-theme-arrow-right\"><\/i>\t\t\t\t\t<\/div>\n\t\t\t\t\n\t\t\t\t\t\t\t\t\t<\/div>\n\t\t\t\t\t\t<\/div>\n\t\t\t\t<\/div>\n\t\t\t\t<div class=\"vamtam-has-theme-widget-styles elementor-element elementor-element-2e82982 elementor-widget elementor-widget-text-editor\" data-id=\"2e82982\" data-element_type=\"widget\" data-e-type=\"widget\" data-widget_type=\"text-editor.default\">\n\t\t\t\t<div class=\"elementor-widget-container\">\n\t\t\t\t\t\t\t\t\t<p>NOTA DE REDACCI\u00d3N.- Los datos que se ofrecen en cada cierre del Informe Nacional de Ahogamientos se refieren a los casos de los que se tiene conocimiento al d\u00eda de la fecha de su elaboraci\u00f3n, por lo que se pueden producir variaciones posteriormente al recibirse informaci\u00f3n de otras incidencias relativas a ese mismo per\u00edodo. Estos datos se actualizan en el siguiente cierre del Informe.<\/p>\t\t\t\t\t\t\t\t<\/div>\n\t\t\t\t<\/div>\n\t\t\t\t<div class=\"vamtam-has-theme-widget-styles elementor-element elementor-element-4a91e5b elementor-widget elementor-widget-button\" data-id=\"4a91e5b\" data-element_type=\"widget\" data-e-type=\"widget\" data-widget_type=\"button.default\">\n\t\t\t\t<div class=\"elementor-widget-container\">\n\t\t\t\t\t\t\t\t\t<div class=\"elementor-button-wrapper\">\n\t\t\t\t\t<a class=\"elementor-button elementor-button-link elementor-size-sm\" href=\"https:\/\/rfess.es\/es\/ina\/#informe\">\n\t\t\t\t\t\t<span class=\"elementor-button-content-wrapper\">\n\t\t\t\t\t\t\t\t\t<span class=\"elementor-button-text\">Consulta INA<\/span>\n\t\t\t\t\t<\/span>\n\t\t\t\t\t<\/a>\n\t\t\t\t<\/div>\n\t\t\t\t\t\t\t\t<\/div>\n\t\t\t\t<\/div>\n\t\t\t\t\t<\/div>\n\t\t\t\t<\/div>\n\t\t\t\t<\/div>","protected":false},"excerpt":{"rendered":"<p>FEBRERO REGISTRA 19 AHOGAMIENTOS MORTALES, UNA CIFRA SUPERIOR A LA MEDIA HIST\u00d3RICA<\/p>","protected":false},"author":4,"featured_media":990344,"comment_status":"closed","ping_status":"closed","sticky":false,"template":"","format":"standard","meta":{"_acf_changed":false,"footnotes":""},"categories":[1],"tags":[],"class_list":["post-990335","post","type-post","status-publish","format-standard","has-post-thumbnail","hentry","category-sin-categoria"],"acf":[],"yoast_head":"<!-- This site is optimized with the Yoast SEO plugin v27.3 - https:\/\/yoast.com\/product\/yoast-seo-wordpress\/ -->\n<title>FEBRERO REGISTRA 19 AHOGAMIENTOS MORTALES, UNA CIFRA SUPERIOR A LA MEDIA HIST\u00d3RICA - RFESS<\/title>\n<meta name=\"robots\" content=\"index, follow, max-snippet:-1, max-image-preview:large, max-video-preview:-1\" \/>\n<link rel=\"canonical\" href=\"https:\/\/rfess.es\/es\/febrero-registra-19-ahogamientos-mortales-una-cifra-superior-a-la-media-historica\/\" \/>\n<meta property=\"og:locale\" content=\"es_ES\" \/>\n<meta property=\"og:type\" content=\"article\" \/>\n<meta property=\"og:title\" content=\"FEBRERO REGISTRA 19 AHOGAMIENTOS MORTALES, UNA CIFRA SUPERIOR A LA MEDIA HIST\u00d3RICA - RFESS\" \/>\n<meta property=\"og:description\" content=\"FEBRERO REGISTRA 19 AHOGAMIENTOS MORTALES, UNA CIFRA SUPERIOR A LA MEDIA HIST\u00d3RICA\" \/>\n<meta property=\"og:url\" content=\"https:\/\/rfess.es\/es\/febrero-registra-19-ahogamientos-mortales-una-cifra-superior-a-la-media-historica\/\" \/>\n<meta property=\"og:site_name\" content=\"RFESS\" \/>\n<meta property=\"article:published_time\" content=\"2026-03-04T11:24:50+00:00\" \/>\n<meta property=\"article:modified_time\" content=\"2026-03-06T07:56:39+00:00\" \/>\n<meta property=\"og:image\" content=\"https:\/\/rfess.es\/wp-content\/uploads\/2026\/03\/flotador-scaled.jpg\" \/>\n\t<meta property=\"og:image:width\" content=\"2560\" \/>\n\t<meta property=\"og:image:height\" content=\"2150\" \/>\n\t<meta property=\"og:image:type\" content=\"image\/jpeg\" \/>\n<meta name=\"author\" content=\"Alba-Abside\" \/>\n<meta name=\"twitter:card\" content=\"summary_large_image\" \/>\n<meta name=\"twitter:label1\" content=\"Escrito por\" \/>\n\t<meta name=\"twitter:data1\" content=\"Alba-Abside\" \/>\n\t<meta name=\"twitter:label2\" content=\"Tiempo de lectura\" \/>\n\t<meta name=\"twitter:data2\" content=\"3 minutos\" \/>\n<script type=\"application\/ld+json\" class=\"yoast-schema-graph\">{\"@context\":\"https:\\\/\\\/schema.org\",\"@graph\":[{\"@type\":\"Article\",\"@id\":\"https:\\\/\\\/rfess.es\\\/febrero-registra-19-ahogamientos-mortales-una-cifra-superior-a-la-media-historica\\\/#article\",\"isPartOf\":{\"@id\":\"https:\\\/\\\/rfess.es\\\/febrero-registra-19-ahogamientos-mortales-una-cifra-superior-a-la-media-historica\\\/\"},\"author\":{\"name\":\"Alba-Abside\",\"@id\":\"https:\\\/\\\/rfess.es\\\/#\\\/schema\\\/person\\\/7254640f40e40b6e244b7506598aa3c6\"},\"headline\":\"FEBRERO REGISTRA 19 AHOGAMIENTOS MORTALES, UNA CIFRA SUPERIOR A LA MEDIA HIST\u00d3RICA\",\"datePublished\":\"2026-03-04T11:24:50+00:00\",\"dateModified\":\"2026-03-06T07:56:39+00:00\",\"mainEntityOfPage\":{\"@id\":\"https:\\\/\\\/rfess.es\\\/febrero-registra-19-ahogamientos-mortales-una-cifra-superior-a-la-media-historica\\\/\"},\"wordCount\":529,\"publisher\":{\"@id\":\"https:\\\/\\\/rfess.es\\\/#organization\"},\"image\":{\"@id\":\"https:\\\/\\\/rfess.es\\\/febrero-registra-19-ahogamientos-mortales-una-cifra-superior-a-la-media-historica\\\/#primaryimage\"},\"thumbnailUrl\":\"https:\\\/\\\/rfess.es\\\/wp-content\\\/uploads\\\/2026\\\/03\\\/flotador-scaled.jpg\",\"inLanguage\":\"es\"},{\"@type\":\"WebPage\",\"@id\":\"https:\\\/\\\/rfess.es\\\/febrero-registra-19-ahogamientos-mortales-una-cifra-superior-a-la-media-historica\\\/\",\"url\":\"https:\\\/\\\/rfess.es\\\/febrero-registra-19-ahogamientos-mortales-una-cifra-superior-a-la-media-historica\\\/\",\"name\":\"FEBRERO REGISTRA 19 AHOGAMIENTOS MORTALES, UNA CIFRA SUPERIOR A LA MEDIA HIST\u00d3RICA - RFESS\",\"isPartOf\":{\"@id\":\"https:\\\/\\\/rfess.es\\\/#website\"},\"primaryImageOfPage\":{\"@id\":\"https:\\\/\\\/rfess.es\\\/febrero-registra-19-ahogamientos-mortales-una-cifra-superior-a-la-media-historica\\\/#primaryimage\"},\"image\":{\"@id\":\"https:\\\/\\\/rfess.es\\\/febrero-registra-19-ahogamientos-mortales-una-cifra-superior-a-la-media-historica\\\/#primaryimage\"},\"thumbnailUrl\":\"https:\\\/\\\/rfess.es\\\/wp-content\\\/uploads\\\/2026\\\/03\\\/flotador-scaled.jpg\",\"datePublished\":\"2026-03-04T11:24:50+00:00\",\"dateModified\":\"2026-03-06T07:56:39+00:00\",\"breadcrumb\":{\"@id\":\"https:\\\/\\\/rfess.es\\\/febrero-registra-19-ahogamientos-mortales-una-cifra-superior-a-la-media-historica\\\/#breadcrumb\"},\"inLanguage\":\"es\",\"potentialAction\":[{\"@type\":\"ReadAction\",\"target\":[\"https:\\\/\\\/rfess.es\\\/febrero-registra-19-ahogamientos-mortales-una-cifra-superior-a-la-media-historica\\\/\"]}]},{\"@type\":\"ImageObject\",\"inLanguage\":\"es\",\"@id\":\"https:\\\/\\\/rfess.es\\\/febrero-registra-19-ahogamientos-mortales-una-cifra-superior-a-la-media-historica\\\/#primaryimage\",\"url\":\"https:\\\/\\\/rfess.es\\\/wp-content\\\/uploads\\\/2026\\\/03\\\/flotador-scaled.jpg\",\"contentUrl\":\"https:\\\/\\\/rfess.es\\\/wp-content\\\/uploads\\\/2026\\\/03\\\/flotador-scaled.jpg\",\"width\":2560,\"height\":2150},{\"@type\":\"BreadcrumbList\",\"@id\":\"https:\\\/\\\/rfess.es\\\/febrero-registra-19-ahogamientos-mortales-una-cifra-superior-a-la-media-historica\\\/#breadcrumb\",\"itemListElement\":[{\"@type\":\"ListItem\",\"position\":1,\"name\":\"Portada\",\"item\":\"https:\\\/\\\/rfess.es\\\/\"},{\"@type\":\"ListItem\",\"position\":2,\"name\":\"FEBRERO REGISTRA 19 AHOGAMIENTOS MORTALES, UNA CIFRA SUPERIOR A LA MEDIA HIST\u00d3RICA\"}]},{\"@type\":\"WebSite\",\"@id\":\"https:\\\/\\\/rfess.es\\\/#website\",\"url\":\"https:\\\/\\\/rfess.es\\\/\",\"name\":\"RFESS\",\"description\":\"Real Federaci\u00f3n Espa\u00f1ola de Salvamento y Socorrismo RFESS\",\"publisher\":{\"@id\":\"https:\\\/\\\/rfess.es\\\/#organization\"},\"potentialAction\":[{\"@type\":\"SearchAction\",\"target\":{\"@type\":\"EntryPoint\",\"urlTemplate\":\"https:\\\/\\\/rfess.es\\\/?s={search_term_string}\"},\"query-input\":{\"@type\":\"PropertyValueSpecification\",\"valueRequired\":true,\"valueName\":\"search_term_string\"}}],\"inLanguage\":\"es\"},{\"@type\":\"Organization\",\"@id\":\"https:\\\/\\\/rfess.es\\\/#organization\",\"name\":\"RFESS\",\"url\":\"https:\\\/\\\/rfess.es\\\/\",\"logo\":{\"@type\":\"ImageObject\",\"inLanguage\":\"es\",\"@id\":\"https:\\\/\\\/rfess.es\\\/#\\\/schema\\\/logo\\\/image\\\/\",\"url\":\"https:\\\/\\\/rfess.es\\\/wp-content\\\/uploads\\\/2025\\\/10\\\/logo-rfess.png\",\"contentUrl\":\"https:\\\/\\\/rfess.es\\\/wp-content\\\/uploads\\\/2025\\\/10\\\/logo-rfess.png\",\"width\":544,\"height\":180,\"caption\":\"RFESS\"},\"image\":{\"@id\":\"https:\\\/\\\/rfess.es\\\/#\\\/schema\\\/logo\\\/image\\\/\"}},{\"@type\":\"Person\",\"@id\":\"https:\\\/\\\/rfess.es\\\/#\\\/schema\\\/person\\\/7254640f40e40b6e244b7506598aa3c6\",\"name\":\"Alba-Abside\",\"image\":{\"@type\":\"ImageObject\",\"inLanguage\":\"es\",\"@id\":\"https:\\\/\\\/secure.gravatar.com\\\/avatar\\\/b320f2ae3b57998796bc260cacea0d6bdf8a9c1c32ac39260a15ba0044a38ab4?s=96&d=mm&r=g\",\"url\":\"https:\\\/\\\/secure.gravatar.com\\\/avatar\\\/b320f2ae3b57998796bc260cacea0d6bdf8a9c1c32ac39260a15ba0044a38ab4?s=96&d=mm&r=g\",\"contentUrl\":\"https:\\\/\\\/secure.gravatar.com\\\/avatar\\\/b320f2ae3b57998796bc260cacea0d6bdf8a9c1c32ac39260a15ba0044a38ab4?s=96&d=mm&r=g\",\"caption\":\"Alba-Abside\"},\"url\":\"https:\\\/\\\/rfess.es\\\/es\\\/author\\\/alba-abside\\\/\"}]}<\/script>\n<!-- \/ Yoast SEO plugin. -->","yoast_head_json":{"title":"FEBRERO REGISTRA 19 AHOGAMIENTOS MORTALES, UNA CIFRA SUPERIOR A LA MEDIA HIST\u00d3RICA - RFESS","robots":{"index":"index","follow":"follow","max-snippet":"max-snippet:-1","max-image-preview":"max-image-preview:large","max-video-preview":"max-video-preview:-1"},"canonical":"https:\/\/rfess.es\/es\/febrero-registra-19-ahogamientos-mortales-una-cifra-superior-a-la-media-historica\/","og_locale":"es_ES","og_type":"article","og_title":"FEBRERO REGISTRA 19 AHOGAMIENTOS MORTALES, UNA CIFRA SUPERIOR A LA MEDIA HIST\u00d3RICA - RFESS","og_description":"FEBRERO REGISTRA 19 AHOGAMIENTOS MORTALES, UNA CIFRA SUPERIOR A LA MEDIA HIST\u00d3RICA","og_url":"https:\/\/rfess.es\/es\/febrero-registra-19-ahogamientos-mortales-una-cifra-superior-a-la-media-historica\/","og_site_name":"RFESS","article_published_time":"2026-03-04T11:24:50+00:00","article_modified_time":"2026-03-06T07:56:39+00:00","og_image":[{"width":2560,"height":2150,"url":"https:\/\/rfess.es\/wp-content\/uploads\/2026\/03\/flotador-scaled.jpg","type":"image\/jpeg"}],"author":"Alba-Abside","twitter_card":"summary_large_image","twitter_misc":{"Escrito por":"Alba-Abside","Tiempo de lectura":"3 minutos"},"schema":{"@context":"https:\/\/schema.org","@graph":[{"@type":"Article","@id":"https:\/\/rfess.es\/febrero-registra-19-ahogamientos-mortales-una-cifra-superior-a-la-media-historica\/#article","isPartOf":{"@id":"https:\/\/rfess.es\/febrero-registra-19-ahogamientos-mortales-una-cifra-superior-a-la-media-historica\/"},"author":{"name":"Alba-Abside","@id":"https:\/\/rfess.es\/#\/schema\/person\/7254640f40e40b6e244b7506598aa3c6"},"headline":"FEBRERO REGISTRA 19 AHOGAMIENTOS MORTALES, UNA CIFRA SUPERIOR A LA MEDIA HIST\u00d3RICA","datePublished":"2026-03-04T11:24:50+00:00","dateModified":"2026-03-06T07:56:39+00:00","mainEntityOfPage":{"@id":"https:\/\/rfess.es\/febrero-registra-19-ahogamientos-mortales-una-cifra-superior-a-la-media-historica\/"},"wordCount":529,"publisher":{"@id":"https:\/\/rfess.es\/#organization"},"image":{"@id":"https:\/\/rfess.es\/febrero-registra-19-ahogamientos-mortales-una-cifra-superior-a-la-media-historica\/#primaryimage"},"thumbnailUrl":"https:\/\/rfess.es\/wp-content\/uploads\/2026\/03\/flotador-scaled.jpg","inLanguage":"es"},{"@type":"WebPage","@id":"https:\/\/rfess.es\/febrero-registra-19-ahogamientos-mortales-una-cifra-superior-a-la-media-historica\/","url":"https:\/\/rfess.es\/febrero-registra-19-ahogamientos-mortales-una-cifra-superior-a-la-media-historica\/","name":"FEBRERO REGISTRA 19 AHOGAMIENTOS MORTALES, UNA CIFRA SUPERIOR A LA MEDIA HIST\u00d3RICA - RFESS","isPartOf":{"@id":"https:\/\/rfess.es\/#website"},"primaryImageOfPage":{"@id":"https:\/\/rfess.es\/febrero-registra-19-ahogamientos-mortales-una-cifra-superior-a-la-media-historica\/#primaryimage"},"image":{"@id":"https:\/\/rfess.es\/febrero-registra-19-ahogamientos-mortales-una-cifra-superior-a-la-media-historica\/#primaryimage"},"thumbnailUrl":"https:\/\/rfess.es\/wp-content\/uploads\/2026\/03\/flotador-scaled.jpg","datePublished":"2026-03-04T11:24:50+00:00","dateModified":"2026-03-06T07:56:39+00:00","breadcrumb":{"@id":"https:\/\/rfess.es\/febrero-registra-19-ahogamientos-mortales-una-cifra-superior-a-la-media-historica\/#breadcrumb"},"inLanguage":"es","potentialAction":[{"@type":"ReadAction","target":["https:\/\/rfess.es\/febrero-registra-19-ahogamientos-mortales-una-cifra-superior-a-la-media-historica\/"]}]},{"@type":"ImageObject","inLanguage":"es","@id":"https:\/\/rfess.es\/febrero-registra-19-ahogamientos-mortales-una-cifra-superior-a-la-media-historica\/#primaryimage","url":"https:\/\/rfess.es\/wp-content\/uploads\/2026\/03\/flotador-scaled.jpg","contentUrl":"https:\/\/rfess.es\/wp-content\/uploads\/2026\/03\/flotador-scaled.jpg","width":2560,"height":2150},{"@type":"BreadcrumbList","@id":"https:\/\/rfess.es\/febrero-registra-19-ahogamientos-mortales-una-cifra-superior-a-la-media-historica\/#breadcrumb","itemListElement":[{"@type":"ListItem","position":1,"name":"Portada","item":"https:\/\/rfess.es\/"},{"@type":"ListItem","position":2,"name":"FEBRERO REGISTRA 19 AHOGAMIENTOS MORTALES, UNA CIFRA SUPERIOR A LA MEDIA HIST\u00d3RICA"}]},{"@type":"WebSite","@id":"https:\/\/rfess.es\/#website","url":"https:\/\/rfess.es\/","name":"RFESS","description":"Real Federaci\u00f3n Espa\u00f1ola de Salvamento y Socorrismo RFESS","publisher":{"@id":"https:\/\/rfess.es\/#organization"},"potentialAction":[{"@type":"SearchAction","target":{"@type":"EntryPoint","urlTemplate":"https:\/\/rfess.es\/?s={search_term_string}"},"query-input":{"@type":"PropertyValueSpecification","valueRequired":true,"valueName":"search_term_string"}}],"inLanguage":"es"},{"@type":"Organization","@id":"https:\/\/rfess.es\/#organization","name":"RFESS","url":"https:\/\/rfess.es\/","logo":{"@type":"ImageObject","inLanguage":"es","@id":"https:\/\/rfess.es\/#\/schema\/logo\/image\/","url":"https:\/\/rfess.es\/wp-content\/uploads\/2025\/10\/logo-rfess.png","contentUrl":"https:\/\/rfess.es\/wp-content\/uploads\/2025\/10\/logo-rfess.png","width":544,"height":180,"caption":"RFESS"},"image":{"@id":"https:\/\/rfess.es\/#\/schema\/logo\/image\/"}},{"@type":"Person","@id":"https:\/\/rfess.es\/#\/schema\/person\/7254640f40e40b6e244b7506598aa3c6","name":"Alba-Abside","image":{"@type":"ImageObject","inLanguage":"es","@id":"https:\/\/secure.gravatar.com\/avatar\/b320f2ae3b57998796bc260cacea0d6bdf8a9c1c32ac39260a15ba0044a38ab4?s=96&d=mm&r=g","url":"https:\/\/secure.gravatar.com\/avatar\/b320f2ae3b57998796bc260cacea0d6bdf8a9c1c32ac39260a15ba0044a38ab4?s=96&d=mm&r=g","contentUrl":"https:\/\/secure.gravatar.com\/avatar\/b320f2ae3b57998796bc260cacea0d6bdf8a9c1c32ac39260a15ba0044a38ab4?s=96&d=mm&r=g","caption":"Alba-Abside"},"url":"https:\/\/rfess.es\/es\/author\/alba-abside\/"}]}},"_links":{"self":[{"href":"https:\/\/rfess.es\/es\/wp-json\/wp\/v2\/posts\/990335","targetHints":{"allow":["GET"]}}],"collection":[{"href":"https:\/\/rfess.es\/es\/wp-json\/wp\/v2\/posts"}],"about":[{"href":"https:\/\/rfess.es\/es\/wp-json\/wp\/v2\/types\/post"}],"author":[{"embeddable":true,"href":"https:\/\/rfess.es\/es\/wp-json\/wp\/v2\/users\/4"}],"replies":[{"embeddable":true,"href":"https:\/\/rfess.es\/es\/wp-json\/wp\/v2\/comments?post=990335"}],"version-history":[{"count":11,"href":"https:\/\/rfess.es\/es\/wp-json\/wp\/v2\/posts\/990335\/revisions"}],"predecessor-version":[{"id":990350,"href":"https:\/\/rfess.es\/es\/wp-json\/wp\/v2\/posts\/990335\/revisions\/990350"}],"wp:featuredmedia":[{"embeddable":true,"href":"https:\/\/rfess.es\/es\/wp-json\/wp\/v2\/media\/990344"}],"wp:attachment":[{"href":"https:\/\/rfess.es\/es\/wp-json\/wp\/v2\/media?parent=990335"}],"wp:term":[{"taxonomy":"category","embeddable":true,"href":"https:\/\/rfess.es\/es\/wp-json\/wp\/v2\/categories?post=990335"},{"taxonomy":"post_tag","embeddable":true,"href":"https:\/\/rfess.es\/es\/wp-json\/wp\/v2\/tags?post=990335"}],"curies":[{"name":"wp","href":"https:\/\/api.w.org\/{rel}","templated":true}]}}