{"id":990084,"date":"2026-02-13T14:14:34","date_gmt":"2026-02-13T13:14:34","guid":{"rendered":"https:\/\/rfess.es\/?p=990084"},"modified":"2026-02-13T14:14:35","modified_gmt":"2026-02-13T13:14:35","slug":"la-rfess-lanza-la-campana-salvando-vidas-2026","status":"publish","type":"post","link":"https:\/\/rfess.es\/es\/la-rfess-lanza-la-campana-salvando-vidas-2026\/","title":{"rendered":"La RFESS lanza la campa\u00f1a &#8216;Salvando Vidas 2026&#8217;"},"content":{"rendered":"<div data-elementor-type=\"wp-post\" data-elementor-id=\"990084\" class=\"elementor elementor-990084\" data-elementor-post-type=\"post\">\n\t\t\t\t<div class=\"elementor-element elementor-element-2ee28a5 e-flex e-con-boxed e-con e-parent\" data-id=\"2ee28a5\" data-element_type=\"container\" data-e-type=\"container\">\n\t\t\t\t\t<div class=\"e-con-inner\">\n\t\t\t\t<div class=\"vamtam-has-theme-widget-styles elementor-element elementor-element-2ca02c3 elementor-widget elementor-widget-heading\" data-id=\"2ca02c3\" data-element_type=\"widget\" data-e-type=\"widget\" data-widget_type=\"heading.default\">\n\t\t\t\t<div class=\"elementor-widget-container\">\n\t\t\t\t\t<h2 class=\"elementor-heading-title elementor-size-default\"><!--StartFragment--><span data-olk-copy-source=\"MessageBody\">La RFESS lanza la Campa\u00f1a 'Salvando Vidas 2026' para impulsar la cultura de la prevenci\u00f3n y los Primeros Auxilios en el \u00e1mbito deportivo<\/span><!--EndFragment--><\/h2>\t\t\t\t<\/div>\n\t\t\t\t<\/div>\n\t\t\t\t<div class=\"vamtam-has-theme-widget-styles elementor-element elementor-element-1defe45 elementor-widget elementor-widget-text-editor\" data-id=\"1defe45\" data-element_type=\"widget\" data-e-type=\"widget\" data-widget_type=\"text-editor.default\">\n\t\t\t\t<div class=\"elementor-widget-container\">\n\t\t\t\t\t\t\t\t\t<p><span data-olk-copy-source=\"MessageBody\">La <strong>Real Federaci\u00f3n Espa\u00f1ola de Salvamento y Socorrismo (RFESS)<\/strong> presenta oficialmente la campa\u00f1a <span style=\"color: #ff0000;\"><em><b>Salvando Vidas 2026<\/b><\/em><\/span>, una iniciativa estrat\u00e9gica orientada a reforzar la cultura de la prevenci\u00f3n y la formaci\u00f3n en Primeros Auxilios en el conjunto del tejido deportivo y social.<\/span><\/p><p>Con esta campa\u00f1a, la RFESS ampl\u00eda su compromiso hist\u00f3rico con la seguridad y la protecci\u00f3n de las personas, trasladando su conocimiento t\u00e9cnico y experiencia en salvamento y socorrismo a nuevos entornos formativos. El objetivo es claro: <strong>fomentar que cada vez m\u00e1s personas sepan c\u00f3mo actuar ante una situaci\u00f3n de emergencia<\/strong>, especialmente en contextos deportivos y espacios de actividad f\u00edsica.<\/p>\t\t\t\t\t\t\t\t<\/div>\n\t\t\t\t<\/div>\n\t\t\t\t<div class=\"vamtam-has-theme-widget-styles elementor-element elementor-element-9d12299 elementor-widget elementor-widget-heading\" data-id=\"9d12299\" data-element_type=\"widget\" data-e-type=\"widget\" data-widget_type=\"heading.default\">\n\t\t\t\t<div class=\"elementor-widget-container\">\n\t\t\t\t\t<h2 class=\"elementor-heading-title elementor-size-default\">Proyecto formativo federativo en Primeros Auxilios<\/h2>\t\t\t\t<\/div>\n\t\t\t\t<\/div>\n\t\t\t\t<div class=\"vamtam-has-theme-widget-styles elementor-element elementor-element-d993b17 elementor-widget elementor-widget-text-editor\" data-id=\"d993b17\" data-element_type=\"widget\" data-e-type=\"widget\" data-widget_type=\"text-editor.default\">\n\t\t\t\t<div class=\"elementor-widget-container\">\n\t\t\t\t\t\t\t\t\t<p><span data-olk-copy-source=\"MessageBody\">Dentro del marco de <em>Salvando Vidas 2026<\/em>, la Federaci\u00f3n impulsa un <b>proyecto formativo federativo de cursos en Primeros Auxilios y Prevenci\u00f3n<\/b>, dise\u00f1ados para ser accesibles, pr\u00e1cticos y adaptados a diferentes colectivos.<\/span><\/p><p>Los cursos, en <strong>formato online<\/strong> y con <strong>certificaci\u00f3n oficial <\/strong>de la Real Federaci\u00f3n Espa\u00f1ola de Salvamento y Socorrismo (RFESS), permiten adquirir conocimientos fundamentales para la actuaci\u00f3n ante emergencias, reforzando la seguridad en clubes, instalaciones deportivas, eventos y espacios acu\u00e1ticos. Esta formaci\u00f3n se complementa, adem\u00e1s, con acciones presenciales y din\u00e1micas formativas dirigidas a entidades que deseen incorporar la prevenci\u00f3n como parte de su cultura organizativa.<\/p>\t\t\t\t\t\t\t\t<\/div>\n\t\t\t\t<\/div>\n\t\t\t\t<div class=\"vamtam-has-theme-widget-styles elementor-element elementor-element-2246658 elementor-widget elementor-widget-heading\" data-id=\"2246658\" data-element_type=\"widget\" data-e-type=\"widget\" data-widget_type=\"heading.default\">\n\t\t\t\t<div class=\"elementor-widget-container\">\n\t\t\t\t\t<h2 class=\"elementor-heading-title elementor-size-default\">Un compromiso con el impacto social<\/h2>\t\t\t\t<\/div>\n\t\t\t\t<\/div>\n\t\t\t\t<div class=\"vamtam-has-theme-widget-styles elementor-element elementor-element-059eb19 elementor-widget elementor-widget-text-editor\" data-id=\"059eb19\" data-element_type=\"widget\" data-e-type=\"widget\" data-widget_type=\"text-editor.default\">\n\t\t\t\t<div class=\"elementor-widget-container\">\n\t\t\t\t\t\t\t\t\t<p><span data-olk-copy-source=\"MessageBody\"><em>Salvando Vidas<\/em> nace con vocaci\u00f3n de colaboraci\u00f3n. La RFESS trabajar\u00e1 junto a federaciones auton\u00f3micas, clubes, instituciones y entidades comprometidas con la salud y la seguridad, generando alianzas que permitan extender el impacto del proyecto a nivel nacional.<\/span><\/p><p>Con esta iniciativa, la Federaci\u00f3n Espa\u00f1ola refuerza su papel como entidad de referencia no solo en el \u00e1mbito deportivo, sino tambi\u00e9n en la promoci\u00f3n de una sociedad m\u00e1s preparada, responsable y consciente ante situaciones de emergencia.<\/p><p><strong>Porque prevenir tambi\u00e9n es salvar vidas.<\/strong><\/p>\t\t\t\t\t\t\t\t<\/div>\n\t\t\t\t<\/div>\n\t\t<div class=\"elementor-element elementor-element-e6442bd e-con-full e-flex e-con e-child\" data-id=\"e6442bd\" data-element_type=\"container\" data-e-type=\"container\" data-settings=\"{&quot;background_background&quot;:&quot;classic&quot;}\">\n\t\t\t\t<div class=\"vamtam-has-theme-widget-styles elementor-element elementor-element-b562e42 elementor-widget elementor-widget-heading\" data-id=\"b562e42\" data-element_type=\"widget\" data-e-type=\"widget\" data-widget_type=\"heading.default\">\n\t\t\t\t<div class=\"elementor-widget-container\">\n\t\t\t\t\t<h2 class=\"elementor-heading-title elementor-size-default\">Ay\u00fadanos a salvar vidas<\/h2>\t\t\t\t<\/div>\n\t\t\t\t<\/div>\n\t\t\t\t<div class=\"vamtam-has-theme-widget-styles elementor-element elementor-element-ddeff72 elementor-widget elementor-widget-text-editor\" data-id=\"ddeff72\" data-element_type=\"widget\" data-e-type=\"widget\" data-widget_type=\"text-editor.default\">\n\t\t\t\t<div class=\"elementor-widget-container\">\n\t\t\t\t\t\t\t\t\t<h4 style=\"text-align: center;\"><span data-olk-copy-source=\"MessageBody\"><span style=\"color: #ffffff;\">Si tu entidad est\u00e1 interesada en ayudarnos a incorporar la formaci\u00f3n en primeros auxilios como parte de vuestro compromiso con la seguridad y la responsabilidad social, puedes solicitar informaci\u00f3n detallada sobre los programas formativos y modalidades de colaboraci\u00f3n a trav\u00e9s del correo electr\u00f3nico<\/span> <span style=\"color: #0000ff;\"><a style=\"color: #0000ff;\" href=\"mailto:laura.baza@rfess.es\">laura.baza@rfess.es<\/a><\/span>.<\/span><\/h4>\t\t\t\t\t\t\t\t<\/div>\n\t\t\t\t<\/div>\n\t\t\t\t<\/div>\n\t\t\t\t<div class=\"elementor-element elementor-element-49ee166 elementor-widget elementor-widget-theme-site-logo elementor-widget-image\" data-id=\"49ee166\" data-element_type=\"widget\" data-e-type=\"widget\" data-widget_type=\"theme-site-logo.default\">\n\t\t\t\t<div class=\"elementor-widget-container\">\n\t\t\t\t\t\t\t\t\t\t\t<a href=\"https:\/\/rfess.es\/es\">\n\t\t\t<img fetchpriority=\"high\" decoding=\"async\" width=\"544\" height=\"180\" src=\"https:\/\/rfess.es\/wp-content\/uploads\/2025\/10\/logo-rfess.png\" class=\"attachment-full size-full wp-image-987657\" alt=\"\" srcset=\"https:\/\/rfess.es\/wp-content\/uploads\/2025\/10\/logo-rfess.png 544w, https:\/\/rfess.es\/wp-content\/uploads\/2025\/10\/logo-rfess-300x99.png 300w\" sizes=\"(max-width: 544px) 100vw, 544px\" \/>\t\t\t\t<\/a>\n\t\t\t\t\t\t\t\t\t\t\t<\/div>\n\t\t\t\t<\/div>\n\t\t\t\t\t<\/div>\n\t\t\t\t<\/div>\n\t\t\t\t<\/div>","protected":false},"excerpt":{"rendered":"<p>La RFESS lanza la campa\u00f1a &#8216;Salvando Vidas 2026&#8217;<\/p>","protected":false},"author":6,"featured_media":990085,"comment_status":"closed","ping_status":"closed","sticky":false,"template":"","format":"standard","meta":{"_acf_changed":false,"footnotes":""},"categories":[1],"tags":[],"class_list":["post-990084","post","type-post","status-publish","format-standard","has-post-thumbnail","hentry","category-sin-categoria"],"acf":[],"yoast_head":"<!-- This site is optimized with the Yoast SEO plugin v27.3 - https:\/\/yoast.com\/product\/yoast-seo-wordpress\/ -->\n<title>La RFESS lanza la campa\u00f1a &#039;Salvando Vidas 2026&#039; - RFESS<\/title>\n<meta name=\"robots\" content=\"index, follow, max-snippet:-1, max-image-preview:large, max-video-preview:-1\" \/>\n<link rel=\"canonical\" href=\"https:\/\/rfess.es\/es\/la-rfess-lanza-la-campana-salvando-vidas-2026\/\" \/>\n<meta property=\"og:locale\" content=\"es_ES\" \/>\n<meta property=\"og:type\" content=\"article\" \/>\n<meta property=\"og:title\" content=\"La RFESS lanza la campa\u00f1a &#039;Salvando Vidas 2026&#039; - RFESS\" \/>\n<meta property=\"og:description\" content=\"La RFESS lanza la campa\u00f1a &#039;Salvando Vidas 2026&#039;\" \/>\n<meta property=\"og:url\" content=\"https:\/\/rfess.es\/es\/la-rfess-lanza-la-campana-salvando-vidas-2026\/\" \/>\n<meta property=\"og:site_name\" content=\"RFESS\" \/>\n<meta property=\"article:published_time\" content=\"2026-02-13T13:14:34+00:00\" \/>\n<meta property=\"article:modified_time\" content=\"2026-02-13T13:14:35+00:00\" \/>\n<meta property=\"og:image\" content=\"https:\/\/rfess.es\/wp-content\/uploads\/2026\/02\/SALVANDO-VIDAS.jpg\" \/>\n\t<meta property=\"og:image:width\" content=\"1366\" \/>\n\t<meta property=\"og:image:height\" content=\"768\" \/>\n\t<meta property=\"og:image:type\" content=\"image\/jpeg\" \/>\n<meta name=\"author\" content=\"comunicacion@rfess.es\" \/>\n<meta name=\"twitter:card\" content=\"summary_large_image\" \/>\n<meta name=\"twitter:label1\" content=\"Escrito por\" \/>\n\t<meta name=\"twitter:data1\" content=\"comunicacion@rfess.es\" \/>\n\t<meta name=\"twitter:label2\" content=\"Tiempo de lectura\" \/>\n\t<meta name=\"twitter:data2\" content=\"2 minutos\" \/>\n<script type=\"application\/ld+json\" class=\"yoast-schema-graph\">{\"@context\":\"https:\\\/\\\/schema.org\",\"@graph\":[{\"@type\":\"Article\",\"@id\":\"https:\\\/\\\/rfess.es\\\/la-rfess-lanza-la-campana-salvando-vidas-2026\\\/#article\",\"isPartOf\":{\"@id\":\"https:\\\/\\\/rfess.es\\\/la-rfess-lanza-la-campana-salvando-vidas-2026\\\/\"},\"author\":{\"name\":\"comunicacion@rfess.es\",\"@id\":\"https:\\\/\\\/rfess.es\\\/#\\\/schema\\\/person\\\/963a582f21b2c91851ea6bdff1dba3e0\"},\"headline\":\"La RFESS lanza la campa\u00f1a &#8216;Salvando Vidas 2026&#8217;\",\"datePublished\":\"2026-02-13T13:14:34+00:00\",\"dateModified\":\"2026-02-13T13:14:35+00:00\",\"mainEntityOfPage\":{\"@id\":\"https:\\\/\\\/rfess.es\\\/la-rfess-lanza-la-campana-salvando-vidas-2026\\\/\"},\"wordCount\":410,\"publisher\":{\"@id\":\"https:\\\/\\\/rfess.es\\\/#organization\"},\"image\":{\"@id\":\"https:\\\/\\\/rfess.es\\\/la-rfess-lanza-la-campana-salvando-vidas-2026\\\/#primaryimage\"},\"thumbnailUrl\":\"https:\\\/\\\/rfess.es\\\/wp-content\\\/uploads\\\/2026\\\/02\\\/SALVANDO-VIDAS.jpg\",\"inLanguage\":\"es\"},{\"@type\":\"WebPage\",\"@id\":\"https:\\\/\\\/rfess.es\\\/la-rfess-lanza-la-campana-salvando-vidas-2026\\\/\",\"url\":\"https:\\\/\\\/rfess.es\\\/la-rfess-lanza-la-campana-salvando-vidas-2026\\\/\",\"name\":\"La RFESS lanza la campa\u00f1a 'Salvando Vidas 2026' - RFESS\",\"isPartOf\":{\"@id\":\"https:\\\/\\\/rfess.es\\\/#website\"},\"primaryImageOfPage\":{\"@id\":\"https:\\\/\\\/rfess.es\\\/la-rfess-lanza-la-campana-salvando-vidas-2026\\\/#primaryimage\"},\"image\":{\"@id\":\"https:\\\/\\\/rfess.es\\\/la-rfess-lanza-la-campana-salvando-vidas-2026\\\/#primaryimage\"},\"thumbnailUrl\":\"https:\\\/\\\/rfess.es\\\/wp-content\\\/uploads\\\/2026\\\/02\\\/SALVANDO-VIDAS.jpg\",\"datePublished\":\"2026-02-13T13:14:34+00:00\",\"dateModified\":\"2026-02-13T13:14:35+00:00\",\"breadcrumb\":{\"@id\":\"https:\\\/\\\/rfess.es\\\/la-rfess-lanza-la-campana-salvando-vidas-2026\\\/#breadcrumb\"},\"inLanguage\":\"es\",\"potentialAction\":[{\"@type\":\"ReadAction\",\"target\":[\"https:\\\/\\\/rfess.es\\\/la-rfess-lanza-la-campana-salvando-vidas-2026\\\/\"]}]},{\"@type\":\"ImageObject\",\"inLanguage\":\"es\",\"@id\":\"https:\\\/\\\/rfess.es\\\/la-rfess-lanza-la-campana-salvando-vidas-2026\\\/#primaryimage\",\"url\":\"https:\\\/\\\/rfess.es\\\/wp-content\\\/uploads\\\/2026\\\/02\\\/SALVANDO-VIDAS.jpg\",\"contentUrl\":\"https:\\\/\\\/rfess.es\\\/wp-content\\\/uploads\\\/2026\\\/02\\\/SALVANDO-VIDAS.jpg\",\"width\":1366,\"height\":768},{\"@type\":\"BreadcrumbList\",\"@id\":\"https:\\\/\\\/rfess.es\\\/la-rfess-lanza-la-campana-salvando-vidas-2026\\\/#breadcrumb\",\"itemListElement\":[{\"@type\":\"ListItem\",\"position\":1,\"name\":\"Portada\",\"item\":\"https:\\\/\\\/rfess.es\\\/\"},{\"@type\":\"ListItem\",\"position\":2,\"name\":\"La RFESS lanza la campa\u00f1a &#8216;Salvando Vidas 2026&#8217;\"}]},{\"@type\":\"WebSite\",\"@id\":\"https:\\\/\\\/rfess.es\\\/#website\",\"url\":\"https:\\\/\\\/rfess.es\\\/\",\"name\":\"RFESS\",\"description\":\"Real Federaci\u00f3n Espa\u00f1ola de Salvamento y Socorrismo RFESS\",\"publisher\":{\"@id\":\"https:\\\/\\\/rfess.es\\\/#organization\"},\"potentialAction\":[{\"@type\":\"SearchAction\",\"target\":{\"@type\":\"EntryPoint\",\"urlTemplate\":\"https:\\\/\\\/rfess.es\\\/?s={search_term_string}\"},\"query-input\":{\"@type\":\"PropertyValueSpecification\",\"valueRequired\":true,\"valueName\":\"search_term_string\"}}],\"inLanguage\":\"es\"},{\"@type\":\"Organization\",\"@id\":\"https:\\\/\\\/rfess.es\\\/#organization\",\"name\":\"RFESS\",\"url\":\"https:\\\/\\\/rfess.es\\\/\",\"logo\":{\"@type\":\"ImageObject\",\"inLanguage\":\"es\",\"@id\":\"https:\\\/\\\/rfess.es\\\/#\\\/schema\\\/logo\\\/image\\\/\",\"url\":\"https:\\\/\\\/rfess.es\\\/wp-content\\\/uploads\\\/2025\\\/10\\\/logo-rfess.png\",\"contentUrl\":\"https:\\\/\\\/rfess.es\\\/wp-content\\\/uploads\\\/2025\\\/10\\\/logo-rfess.png\",\"width\":544,\"height\":180,\"caption\":\"RFESS\"},\"image\":{\"@id\":\"https:\\\/\\\/rfess.es\\\/#\\\/schema\\\/logo\\\/image\\\/\"}},{\"@type\":\"Person\",\"@id\":\"https:\\\/\\\/rfess.es\\\/#\\\/schema\\\/person\\\/963a582f21b2c91851ea6bdff1dba3e0\",\"name\":\"comunicacion@rfess.es\",\"image\":{\"@type\":\"ImageObject\",\"inLanguage\":\"es\",\"@id\":\"https:\\\/\\\/secure.gravatar.com\\\/avatar\\\/b1c4e533fbcd42ee10521a1130e528fcf474bcce8dd4c8885676f3ceebc6a033?s=96&d=mm&r=g\",\"url\":\"https:\\\/\\\/secure.gravatar.com\\\/avatar\\\/b1c4e533fbcd42ee10521a1130e528fcf474bcce8dd4c8885676f3ceebc6a033?s=96&d=mm&r=g\",\"contentUrl\":\"https:\\\/\\\/secure.gravatar.com\\\/avatar\\\/b1c4e533fbcd42ee10521a1130e528fcf474bcce8dd4c8885676f3ceebc6a033?s=96&d=mm&r=g\",\"caption\":\"comunicacion@rfess.es\"},\"url\":\"https:\\\/\\\/rfess.es\\\/es\\\/author\\\/comunicacionrfess-es\\\/\"}]}<\/script>\n<!-- \/ Yoast SEO plugin. -->","yoast_head_json":{"title":"La RFESS lanza la campa\u00f1a 'Salvando Vidas 2026' - RFESS","robots":{"index":"index","follow":"follow","max-snippet":"max-snippet:-1","max-image-preview":"max-image-preview:large","max-video-preview":"max-video-preview:-1"},"canonical":"https:\/\/rfess.es\/es\/la-rfess-lanza-la-campana-salvando-vidas-2026\/","og_locale":"es_ES","og_type":"article","og_title":"La RFESS lanza la campa\u00f1a 'Salvando Vidas 2026' - RFESS","og_description":"La RFESS lanza la campa\u00f1a 'Salvando Vidas 2026'","og_url":"https:\/\/rfess.es\/es\/la-rfess-lanza-la-campana-salvando-vidas-2026\/","og_site_name":"RFESS","article_published_time":"2026-02-13T13:14:34+00:00","article_modified_time":"2026-02-13T13:14:35+00:00","og_image":[{"width":1366,"height":768,"url":"https:\/\/rfess.es\/wp-content\/uploads\/2026\/02\/SALVANDO-VIDAS.jpg","type":"image\/jpeg"}],"author":"comunicacion@rfess.es","twitter_card":"summary_large_image","twitter_misc":{"Escrito por":"comunicacion@rfess.es","Tiempo de lectura":"2 minutos"},"schema":{"@context":"https:\/\/schema.org","@graph":[{"@type":"Article","@id":"https:\/\/rfess.es\/la-rfess-lanza-la-campana-salvando-vidas-2026\/#article","isPartOf":{"@id":"https:\/\/rfess.es\/la-rfess-lanza-la-campana-salvando-vidas-2026\/"},"author":{"name":"comunicacion@rfess.es","@id":"https:\/\/rfess.es\/#\/schema\/person\/963a582f21b2c91851ea6bdff1dba3e0"},"headline":"La RFESS lanza la campa\u00f1a &#8216;Salvando Vidas 2026&#8217;","datePublished":"2026-02-13T13:14:34+00:00","dateModified":"2026-02-13T13:14:35+00:00","mainEntityOfPage":{"@id":"https:\/\/rfess.es\/la-rfess-lanza-la-campana-salvando-vidas-2026\/"},"wordCount":410,"publisher":{"@id":"https:\/\/rfess.es\/#organization"},"image":{"@id":"https:\/\/rfess.es\/la-rfess-lanza-la-campana-salvando-vidas-2026\/#primaryimage"},"thumbnailUrl":"https:\/\/rfess.es\/wp-content\/uploads\/2026\/02\/SALVANDO-VIDAS.jpg","inLanguage":"es"},{"@type":"WebPage","@id":"https:\/\/rfess.es\/la-rfess-lanza-la-campana-salvando-vidas-2026\/","url":"https:\/\/rfess.es\/la-rfess-lanza-la-campana-salvando-vidas-2026\/","name":"La RFESS lanza la campa\u00f1a 'Salvando Vidas 2026' - RFESS","isPartOf":{"@id":"https:\/\/rfess.es\/#website"},"primaryImageOfPage":{"@id":"https:\/\/rfess.es\/la-rfess-lanza-la-campana-salvando-vidas-2026\/#primaryimage"},"image":{"@id":"https:\/\/rfess.es\/la-rfess-lanza-la-campana-salvando-vidas-2026\/#primaryimage"},"thumbnailUrl":"https:\/\/rfess.es\/wp-content\/uploads\/2026\/02\/SALVANDO-VIDAS.jpg","datePublished":"2026-02-13T13:14:34+00:00","dateModified":"2026-02-13T13:14:35+00:00","breadcrumb":{"@id":"https:\/\/rfess.es\/la-rfess-lanza-la-campana-salvando-vidas-2026\/#breadcrumb"},"inLanguage":"es","potentialAction":[{"@type":"ReadAction","target":["https:\/\/rfess.es\/la-rfess-lanza-la-campana-salvando-vidas-2026\/"]}]},{"@type":"ImageObject","inLanguage":"es","@id":"https:\/\/rfess.es\/la-rfess-lanza-la-campana-salvando-vidas-2026\/#primaryimage","url":"https:\/\/rfess.es\/wp-content\/uploads\/2026\/02\/SALVANDO-VIDAS.jpg","contentUrl":"https:\/\/rfess.es\/wp-content\/uploads\/2026\/02\/SALVANDO-VIDAS.jpg","width":1366,"height":768},{"@type":"BreadcrumbList","@id":"https:\/\/rfess.es\/la-rfess-lanza-la-campana-salvando-vidas-2026\/#breadcrumb","itemListElement":[{"@type":"ListItem","position":1,"name":"Portada","item":"https:\/\/rfess.es\/"},{"@type":"ListItem","position":2,"name":"La RFESS lanza la campa\u00f1a &#8216;Salvando Vidas 2026&#8217;"}]},{"@type":"WebSite","@id":"https:\/\/rfess.es\/#website","url":"https:\/\/rfess.es\/","name":"RFESS","description":"Real Federaci\u00f3n Espa\u00f1ola de Salvamento y Socorrismo RFESS","publisher":{"@id":"https:\/\/rfess.es\/#organization"},"potentialAction":[{"@type":"SearchAction","target":{"@type":"EntryPoint","urlTemplate":"https:\/\/rfess.es\/?s={search_term_string}"},"query-input":{"@type":"PropertyValueSpecification","valueRequired":true,"valueName":"search_term_string"}}],"inLanguage":"es"},{"@type":"Organization","@id":"https:\/\/rfess.es\/#organization","name":"RFESS","url":"https:\/\/rfess.es\/","logo":{"@type":"ImageObject","inLanguage":"es","@id":"https:\/\/rfess.es\/#\/schema\/logo\/image\/","url":"https:\/\/rfess.es\/wp-content\/uploads\/2025\/10\/logo-rfess.png","contentUrl":"https:\/\/rfess.es\/wp-content\/uploads\/2025\/10\/logo-rfess.png","width":544,"height":180,"caption":"RFESS"},"image":{"@id":"https:\/\/rfess.es\/#\/schema\/logo\/image\/"}},{"@type":"Person","@id":"https:\/\/rfess.es\/#\/schema\/person\/963a582f21b2c91851ea6bdff1dba3e0","name":"comunicacion@rfess.es","image":{"@type":"ImageObject","inLanguage":"es","@id":"https:\/\/secure.gravatar.com\/avatar\/b1c4e533fbcd42ee10521a1130e528fcf474bcce8dd4c8885676f3ceebc6a033?s=96&d=mm&r=g","url":"https:\/\/secure.gravatar.com\/avatar\/b1c4e533fbcd42ee10521a1130e528fcf474bcce8dd4c8885676f3ceebc6a033?s=96&d=mm&r=g","contentUrl":"https:\/\/secure.gravatar.com\/avatar\/b1c4e533fbcd42ee10521a1130e528fcf474bcce8dd4c8885676f3ceebc6a033?s=96&d=mm&r=g","caption":"comunicacion@rfess.es"},"url":"https:\/\/rfess.es\/es\/author\/comunicacionrfess-es\/"}]}},"_links":{"self":[{"href":"https:\/\/rfess.es\/es\/wp-json\/wp\/v2\/posts\/990084","targetHints":{"allow":["GET"]}}],"collection":[{"href":"https:\/\/rfess.es\/es\/wp-json\/wp\/v2\/posts"}],"about":[{"href":"https:\/\/rfess.es\/es\/wp-json\/wp\/v2\/types\/post"}],"author":[{"embeddable":true,"href":"https:\/\/rfess.es\/es\/wp-json\/wp\/v2\/users\/6"}],"replies":[{"embeddable":true,"href":"https:\/\/rfess.es\/es\/wp-json\/wp\/v2\/comments?post=990084"}],"version-history":[{"count":4,"href":"https:\/\/rfess.es\/es\/wp-json\/wp\/v2\/posts\/990084\/revisions"}],"predecessor-version":[{"id":990091,"href":"https:\/\/rfess.es\/es\/wp-json\/wp\/v2\/posts\/990084\/revisions\/990091"}],"wp:featuredmedia":[{"embeddable":true,"href":"https:\/\/rfess.es\/es\/wp-json\/wp\/v2\/media\/990085"}],"wp:attachment":[{"href":"https:\/\/rfess.es\/es\/wp-json\/wp\/v2\/media?parent=990084"}],"wp:term":[{"taxonomy":"category","embeddable":true,"href":"https:\/\/rfess.es\/es\/wp-json\/wp\/v2\/categories?post=990084"},{"taxonomy":"post_tag","embeddable":true,"href":"https:\/\/rfess.es\/es\/wp-json\/wp\/v2\/tags?post=990084"}],"curies":[{"name":"wp","href":"https:\/\/api.w.org\/{rel}","templated":true}]}}