{"id":989897,"date":"2026-02-04T12:05:54","date_gmt":"2026-02-04T11:05:54","guid":{"rendered":"https:\/\/rfess.es\/?p=989897"},"modified":"2026-02-04T12:14:51","modified_gmt":"2026-02-04T11:14:51","slug":"los-ahogamientos-mortales-aumentan-en-enero-de-2026","status":"publish","type":"post","link":"https:\/\/rfess.es\/es\/los-ahogamientos-mortales-aumentan-en-enero-de-2026\/","title":{"rendered":"Los ahogamientos mortales aumentan en enero de 2026"},"content":{"rendered":"<div data-elementor-type=\"wp-post\" data-elementor-id=\"989897\" class=\"elementor elementor-989897\" data-elementor-post-type=\"post\">\n\t\t\t\t<div class=\"elementor-element elementor-element-2ee28a5 e-flex e-con-boxed e-con e-parent\" data-id=\"2ee28a5\" data-element_type=\"container\" data-e-type=\"container\">\n\t\t\t\t\t<div class=\"e-con-inner\">\n\t\t\t\t<div class=\"vamtam-has-theme-widget-styles elementor-element elementor-element-2ca02c3 elementor-widget elementor-widget-heading\" data-id=\"2ca02c3\" data-element_type=\"widget\" data-e-type=\"widget\" data-widget_type=\"heading.default\">\n\t\t\t\t<div class=\"elementor-widget-container\">\n\t\t\t\t\t<h2 class=\"elementor-heading-title elementor-size-default\">Los ahogamientos mortales aumentan en enero: 25 fallecidos y el peor arranque de a\u00f1o desde 2017<\/h2>\t\t\t\t<\/div>\n\t\t\t\t<\/div>\n\t\t\t\t<div class=\"vamtam-has-theme-widget-styles elementor-element elementor-element-4509044 elementor-widget elementor-widget-heading\" data-id=\"4509044\" data-element_type=\"widget\" data-e-type=\"widget\" data-widget_type=\"heading.default\">\n\t\t\t\t<div class=\"elementor-widget-container\">\n\t\t\t\t\t<h2 class=\"elementor-heading-title elementor-size-default\">La tendencia al alza en la p\u00e9rdida de vidas humanas se consolida, tras un 2025 que fue el segundo peor a\u00f1o de la \u00faltima d\u00e9cada<\/h2>\t\t\t\t<\/div>\n\t\t\t\t<\/div>\n\t\t\t\t<div class=\"vamtam-has-theme-widget-styles elementor-element elementor-element-1defe45 elementor-widget elementor-widget-text-editor\" data-id=\"1defe45\" data-element_type=\"widget\" data-e-type=\"widget\" data-widget_type=\"text-editor.default\">\n\t\t\t\t<div class=\"elementor-widget-container\">\n\t\t\t\t\t\t\t\t\t<p class=\"p1\">Las <strong>25 muertes por ahogamiento no intencional registradas durante el pasado enero<\/strong> suponen un incremento de cuatro fallecimientos m\u00e1s que el mismo mes del a\u00f1o anterior y convierten el inicio de 2026 en el peor de los \u00faltimos nueve a\u00f1os, solo por detr\u00e1s de 2016 y 2017, que registraron 33 y 35 fallecimientos respectivamente.<\/p><p class=\"p1\">Estos datos llegan tras el cierre de 2025 como el <strong>segundo peor a\u00f1o en la \u00faltima d\u00e9cada<\/strong> por ahogamientos mortales, al producirse 472 fallecimientos por esta causa.<\/p><p class=\"p1\">Seg\u00fan recoge el <strong>Informe Nacional de Ahogamientos (INA)<\/strong> que elabora la <strong>Real Federaci\u00f3n Espa\u00f1ola de Salvamento y Socorrismo (RFESS)<\/strong>, <strong>Canarias<\/strong> vuelve ser a principios de a\u00f1o el territorio con m\u00e1s muertes, con 10, por delante de <strong>Andaluc\u00eda<\/strong> con 4 ahogamientos mortales, mientras que en la <strong>Comunidad Valenciana<\/strong>, <strong>Galicia<\/strong> y <strong>Regi\u00f3n de<\/strong> <strong>Murcia<\/strong> se produjeron 2 muertes en cada una, y hubo un fallecimiento en <strong>Catalu\u00f1a<\/strong>, <strong>Castilla<\/strong> <strong>y Le\u00f3n<\/strong>, <strong>Baleares<\/strong>, <strong>Asturias<\/strong> y <strong>Pa\u00eds Vasco<\/strong>.<\/p>\t\t\t\t\t\t\t\t<\/div>\n\t\t\t\t<\/div>\n\t\t\t\t<div class=\"vamtam-has-theme-widget-styles elementor-element elementor-element-9d12299 elementor-widget elementor-widget-heading\" data-id=\"9d12299\" data-element_type=\"widget\" data-e-type=\"widget\" data-widget_type=\"heading.default\">\n\t\t\t\t<div class=\"elementor-widget-container\">\n\t\t\t\t\t<h2 class=\"elementor-heading-title elementor-size-default\">La playa, lugar donde m\u00e1s muertes se han producido<\/h2>\t\t\t\t<\/div>\n\t\t\t\t<\/div>\n\t\t\t\t<div class=\"vamtam-has-theme-widget-styles elementor-element elementor-element-d993b17 elementor-widget elementor-widget-text-editor\" data-id=\"d993b17\" data-element_type=\"widget\" data-e-type=\"widget\" data-widget_type=\"text-editor.default\">\n\t\t\t\t<div class=\"elementor-widget-container\">\n\t\t\t\t\t\t\t\t\t<p class=\"p1\">La <strong>playa<\/strong> fue el lugar donde se dieron mayor n\u00famero de incidentes mortales en el primer mes del a\u00f1o, 10 (40 %), mientras que 7 se produjeron en r\u00edos (28 %) y 8 en otros espacios acu\u00e1ticos (32 %).<\/p><p class=\"p1\">En 12 de los 25 ahogamientos que se registraron en enero no proced\u00eda la presencia de un servicio de socorrismo, mientras que <strong>en 11 casos no estaba activo<\/strong> y en 2 s\u00ed hab\u00eda vigilancia socorrista en el momento del incidente.<\/p><p class=\"p1\">Por sexo, <strong>21 personas eran hombres<\/strong> (84 %) y 4 eran mujeres (16 %). De ellos, la gran mayor\u00eda de las personas ahogadas eran de nacionalidad espa\u00f1ola (22), mientras que dos eran personas europeas y una americana.<\/p><p class=\"p1\"><strong>El tramo de edad de 45 a 64 a\u00f1os es en el que se dieron m\u00e1s muertes por ahogamiento<\/strong>, 12 de las 25 que se produjeron en enero, mientras que seis personas ten\u00edan entre 26 y 44 a\u00f1os, dos de entre 65 y 74 y cuatro eran mayores de 75 a\u00f1os.<\/p>\t\t\t\t\t\t\t\t<\/div>\n\t\t\t\t<\/div>\n\t\t\t\t<div class=\"elementor-element elementor-element-bed112c elementor-blockquote--skin-boxed elementor-blockquote--align-center elementor-widget elementor-widget-blockquote\" data-id=\"bed112c\" data-element_type=\"widget\" data-e-type=\"widget\" data-widget_type=\"blockquote.default\">\n\t\t\t\t<div class=\"elementor-widget-container\">\n\t\t\t\t\t\t\t<blockquote class=\"elementor-blockquote\">\n\t\t\t<p class=\"elementor-blockquote__content\">\n\t\t\t\tSE ADJUNTA el Informe Nacional de Ahogamientos de 2026 actualizado a 2 de febrero de 2026.\t\t\t<\/p>\n\t\t\t\t\t<\/blockquote>\n\t\t\t\t\t\t<\/div>\n\t\t\t\t<\/div>\n\t\t\t\t<div class=\"elementor-element elementor-element-582acab elementor-arrows-position-outside elementor-widget elementor-widget-image-carousel\" data-id=\"582acab\" data-element_type=\"widget\" data-e-type=\"widget\" data-settings=\"{&quot;slides_to_show&quot;:&quot;1&quot;,&quot;navigation&quot;:&quot;arrows&quot;,&quot;infinite&quot;:&quot;yes&quot;,&quot;effect&quot;:&quot;slide&quot;,&quot;speed&quot;:500}\" data-widget_type=\"image-carousel.default\">\n\t\t\t\t<div class=\"elementor-widget-container\">\n\t\t\t\t\t\t\t<div class=\"elementor-image-carousel-wrapper swiper\" role=\"region\" aria-roledescription=\"carousel\" aria-label=\"Carrusel de im\u00e1genes\" dir=\"ltr\">\n\t\t\t<div class=\"elementor-image-carousel swiper-wrapper\" aria-live=\"polite\">\n\t\t\t\t\t\t\t\t<div class=\"swiper-slide\" role=\"group\" aria-roledescription=\"slide\" aria-label=\"1 de 2\"><figure class=\"swiper-slide-inner\"><img decoding=\"async\" class=\"swiper-slide-image\" src=\"https:\/\/rfess.es\/wp-content\/uploads\/2026\/02\/INA-ENERO-2026-IMAGEN-1.jpg\" alt=\"INA ENERO 2026 IMAGEN 1\" \/><\/figure><\/div><div class=\"swiper-slide\" role=\"group\" aria-roledescription=\"slide\" aria-label=\"2 de 2\"><figure class=\"swiper-slide-inner\"><img decoding=\"async\" class=\"swiper-slide-image\" src=\"https:\/\/rfess.es\/wp-content\/uploads\/2026\/02\/INA-ENERO-2026-IMAGEN-2.jpg\" alt=\"INA ENERO 2026 IMAGEN 2\" \/><\/figure><\/div>\t\t\t<\/div>\n\t\t\t\t\t\t\t\t\t\t\t\t<div class=\"elementor-swiper-button elementor-swiper-button-prev\" role=\"button\" tabindex=\"0\">\n\t\t\t\t\t\t<i aria-hidden=\"true\" class=\"vamtamtheme- vamtam-theme-arrow-left\"><\/i>\t\t\t\t\t<\/div>\n\t\t\t\t\t<div class=\"elementor-swiper-button elementor-swiper-button-next\" role=\"button\" tabindex=\"0\">\n\t\t\t\t\t\t<i aria-hidden=\"true\" class=\"vamtamtheme- vamtam-theme-arrow-right\"><\/i>\t\t\t\t\t<\/div>\n\t\t\t\t\n\t\t\t\t\t\t\t\t\t<\/div>\n\t\t\t\t\t\t<\/div>\n\t\t\t\t<\/div>\n\t\t\t\t<div class=\"vamtam-has-theme-widget-styles elementor-element elementor-element-34c2198 elementor-widget elementor-widget-text-editor\" data-id=\"34c2198\" data-element_type=\"widget\" data-e-type=\"widget\" data-widget_type=\"text-editor.default\">\n\t\t\t\t<div class=\"elementor-widget-container\">\n\t\t\t\t\t\t\t\t\t<p>NOTA DE REDACCI\u00d3N.- Los datos que se ofrecen en cada cierre del Informe Nacional de Ahogamientos se refieren a los casos de los que se tiene conocimiento al d\u00eda de la fecha de su elaboraci\u00f3n, por lo que se pueden producir variaciones posteriormente al recibirse informaci\u00f3n de otras incidencias relativas a ese mismo per\u00edodo. Estos datos se actualizan en el siguiente cierre del Informe.<\/p>\t\t\t\t\t\t\t\t<\/div>\n\t\t\t\t<\/div>\n\t\t\t\t<div class=\"vamtam-has-theme-widget-styles elementor-element elementor-element-08f235e elementor-widget elementor-widget-button\" data-id=\"08f235e\" data-element_type=\"widget\" data-e-type=\"widget\" data-widget_type=\"button.default\">\n\t\t\t\t<div class=\"elementor-widget-container\">\n\t\t\t\t\t\t\t\t\t<div class=\"elementor-button-wrapper\">\n\t\t\t\t\t<a class=\"elementor-button elementor-button-link elementor-size-sm\" href=\"https:\/\/rfess.es\/es\/ina\/#informe\">\n\t\t\t\t\t\t<span class=\"elementor-button-content-wrapper\">\n\t\t\t\t\t\t\t\t\t<span class=\"elementor-button-text\">Consulta INA<\/span>\n\t\t\t\t\t<\/span>\n\t\t\t\t\t<\/a>\n\t\t\t\t<\/div>\n\t\t\t\t\t\t\t\t<\/div>\n\t\t\t\t<\/div>\n\t\t\t\t\t<\/div>\n\t\t\t\t<\/div>\n\t\t\t\t<\/div>","protected":false},"excerpt":{"rendered":"<p>Los ahogamientos mortales aumentan en enero en 2026<\/p>","protected":false},"author":6,"featured_media":989899,"comment_status":"closed","ping_status":"closed","sticky":false,"template":"","format":"standard","meta":{"_acf_changed":false,"footnotes":""},"categories":[1],"tags":[],"class_list":["post-989897","post","type-post","status-publish","format-standard","has-post-thumbnail","hentry","category-sin-categoria"],"acf":[],"yoast_head":"<!-- This site is optimized with the Yoast SEO plugin v27.3 - https:\/\/yoast.com\/product\/yoast-seo-wordpress\/ -->\n<title>Los ahogamientos mortales aumentan en enero de 2026<\/title>\n<meta name=\"robots\" content=\"index, follow, max-snippet:-1, max-image-preview:large, max-video-preview:-1\" \/>\n<link rel=\"canonical\" href=\"https:\/\/rfess.es\/es\/los-ahogamientos-mortales-aumentan-en-enero-de-2026\/\" \/>\n<meta property=\"og:locale\" content=\"es_ES\" \/>\n<meta property=\"og:type\" content=\"article\" \/>\n<meta property=\"og:title\" content=\"Los ahogamientos mortales aumentan en enero de 2026\" \/>\n<meta property=\"og:description\" content=\"Los ahogamientos mortales aumentan en enero en 2026\" \/>\n<meta property=\"og:url\" content=\"https:\/\/rfess.es\/es\/los-ahogamientos-mortales-aumentan-en-enero-de-2026\/\" \/>\n<meta property=\"og:site_name\" content=\"RFESS\" \/>\n<meta property=\"article:published_time\" content=\"2026-02-04T11:05:54+00:00\" \/>\n<meta property=\"article:modified_time\" content=\"2026-02-04T11:14:51+00:00\" \/>\n<meta property=\"og:image\" content=\"https:\/\/rfess.es\/wp-content\/uploads\/2026\/02\/2026-02-04-DESTACADA-Los-ahogamientos-mortales-aumentan-en-enero-de-2026.jpg\" \/>\n\t<meta property=\"og:image:width\" content=\"1086\" \/>\n\t<meta property=\"og:image:height\" content=\"611\" \/>\n\t<meta property=\"og:image:type\" content=\"image\/jpeg\" \/>\n<meta name=\"author\" content=\"comunicacion@rfess.es\" \/>\n<meta name=\"twitter:card\" content=\"summary_large_image\" \/>\n<meta name=\"twitter:label1\" content=\"Escrito por\" \/>\n\t<meta name=\"twitter:data1\" content=\"comunicacion@rfess.es\" \/>\n\t<meta name=\"twitter:label2\" content=\"Tiempo de lectura\" \/>\n\t<meta name=\"twitter:data2\" content=\"3 minutos\" \/>\n<script type=\"application\/ld+json\" class=\"yoast-schema-graph\">{\"@context\":\"https:\\\/\\\/schema.org\",\"@graph\":[{\"@type\":\"Article\",\"@id\":\"https:\\\/\\\/rfess.es\\\/los-ahogamientos-mortales-aumentan-en-enero-de-2026\\\/#article\",\"isPartOf\":{\"@id\":\"https:\\\/\\\/rfess.es\\\/los-ahogamientos-mortales-aumentan-en-enero-de-2026\\\/\"},\"author\":{\"name\":\"comunicacion@rfess.es\",\"@id\":\"https:\\\/\\\/rfess.es\\\/#\\\/schema\\\/person\\\/963a582f21b2c91851ea6bdff1dba3e0\"},\"headline\":\"Los ahogamientos mortales aumentan en enero de 2026\",\"datePublished\":\"2026-02-04T11:05:54+00:00\",\"dateModified\":\"2026-02-04T11:14:51+00:00\",\"mainEntityOfPage\":{\"@id\":\"https:\\\/\\\/rfess.es\\\/los-ahogamientos-mortales-aumentan-en-enero-de-2026\\\/\"},\"wordCount\":454,\"publisher\":{\"@id\":\"https:\\\/\\\/rfess.es\\\/#organization\"},\"image\":{\"@id\":\"https:\\\/\\\/rfess.es\\\/los-ahogamientos-mortales-aumentan-en-enero-de-2026\\\/#primaryimage\"},\"thumbnailUrl\":\"https:\\\/\\\/rfess.es\\\/wp-content\\\/uploads\\\/2026\\\/02\\\/2026-02-04-DESTACADA-Los-ahogamientos-mortales-aumentan-en-enero-de-2026.jpg\",\"inLanguage\":\"es\"},{\"@type\":\"WebPage\",\"@id\":\"https:\\\/\\\/rfess.es\\\/los-ahogamientos-mortales-aumentan-en-enero-de-2026\\\/\",\"url\":\"https:\\\/\\\/rfess.es\\\/los-ahogamientos-mortales-aumentan-en-enero-de-2026\\\/\",\"name\":\"Los ahogamientos mortales aumentan en enero de 2026\",\"isPartOf\":{\"@id\":\"https:\\\/\\\/rfess.es\\\/#website\"},\"primaryImageOfPage\":{\"@id\":\"https:\\\/\\\/rfess.es\\\/los-ahogamientos-mortales-aumentan-en-enero-de-2026\\\/#primaryimage\"},\"image\":{\"@id\":\"https:\\\/\\\/rfess.es\\\/los-ahogamientos-mortales-aumentan-en-enero-de-2026\\\/#primaryimage\"},\"thumbnailUrl\":\"https:\\\/\\\/rfess.es\\\/wp-content\\\/uploads\\\/2026\\\/02\\\/2026-02-04-DESTACADA-Los-ahogamientos-mortales-aumentan-en-enero-de-2026.jpg\",\"datePublished\":\"2026-02-04T11:05:54+00:00\",\"dateModified\":\"2026-02-04T11:14:51+00:00\",\"breadcrumb\":{\"@id\":\"https:\\\/\\\/rfess.es\\\/los-ahogamientos-mortales-aumentan-en-enero-de-2026\\\/#breadcrumb\"},\"inLanguage\":\"es\",\"potentialAction\":[{\"@type\":\"ReadAction\",\"target\":[\"https:\\\/\\\/rfess.es\\\/los-ahogamientos-mortales-aumentan-en-enero-de-2026\\\/\"]}]},{\"@type\":\"ImageObject\",\"inLanguage\":\"es\",\"@id\":\"https:\\\/\\\/rfess.es\\\/los-ahogamientos-mortales-aumentan-en-enero-de-2026\\\/#primaryimage\",\"url\":\"https:\\\/\\\/rfess.es\\\/wp-content\\\/uploads\\\/2026\\\/02\\\/2026-02-04-DESTACADA-Los-ahogamientos-mortales-aumentan-en-enero-de-2026.jpg\",\"contentUrl\":\"https:\\\/\\\/rfess.es\\\/wp-content\\\/uploads\\\/2026\\\/02\\\/2026-02-04-DESTACADA-Los-ahogamientos-mortales-aumentan-en-enero-de-2026.jpg\",\"width\":1086,\"height\":611},{\"@type\":\"BreadcrumbList\",\"@id\":\"https:\\\/\\\/rfess.es\\\/los-ahogamientos-mortales-aumentan-en-enero-de-2026\\\/#breadcrumb\",\"itemListElement\":[{\"@type\":\"ListItem\",\"position\":1,\"name\":\"Portada\",\"item\":\"https:\\\/\\\/rfess.es\\\/\"},{\"@type\":\"ListItem\",\"position\":2,\"name\":\"Los ahogamientos mortales aumentan en enero de 2026\"}]},{\"@type\":\"WebSite\",\"@id\":\"https:\\\/\\\/rfess.es\\\/#website\",\"url\":\"https:\\\/\\\/rfess.es\\\/\",\"name\":\"RFESS\",\"description\":\"Real Federaci\u00f3n Espa\u00f1ola de Salvamento y Socorrismo RFESS\",\"publisher\":{\"@id\":\"https:\\\/\\\/rfess.es\\\/#organization\"},\"potentialAction\":[{\"@type\":\"SearchAction\",\"target\":{\"@type\":\"EntryPoint\",\"urlTemplate\":\"https:\\\/\\\/rfess.es\\\/?s={search_term_string}\"},\"query-input\":{\"@type\":\"PropertyValueSpecification\",\"valueRequired\":true,\"valueName\":\"search_term_string\"}}],\"inLanguage\":\"es\"},{\"@type\":\"Organization\",\"@id\":\"https:\\\/\\\/rfess.es\\\/#organization\",\"name\":\"RFESS\",\"url\":\"https:\\\/\\\/rfess.es\\\/\",\"logo\":{\"@type\":\"ImageObject\",\"inLanguage\":\"es\",\"@id\":\"https:\\\/\\\/rfess.es\\\/#\\\/schema\\\/logo\\\/image\\\/\",\"url\":\"https:\\\/\\\/rfess.es\\\/wp-content\\\/uploads\\\/2025\\\/10\\\/logo-rfess.png\",\"contentUrl\":\"https:\\\/\\\/rfess.es\\\/wp-content\\\/uploads\\\/2025\\\/10\\\/logo-rfess.png\",\"width\":544,\"height\":180,\"caption\":\"RFESS\"},\"image\":{\"@id\":\"https:\\\/\\\/rfess.es\\\/#\\\/schema\\\/logo\\\/image\\\/\"}},{\"@type\":\"Person\",\"@id\":\"https:\\\/\\\/rfess.es\\\/#\\\/schema\\\/person\\\/963a582f21b2c91851ea6bdff1dba3e0\",\"name\":\"comunicacion@rfess.es\",\"image\":{\"@type\":\"ImageObject\",\"inLanguage\":\"es\",\"@id\":\"https:\\\/\\\/secure.gravatar.com\\\/avatar\\\/b1c4e533fbcd42ee10521a1130e528fcf474bcce8dd4c8885676f3ceebc6a033?s=96&d=mm&r=g\",\"url\":\"https:\\\/\\\/secure.gravatar.com\\\/avatar\\\/b1c4e533fbcd42ee10521a1130e528fcf474bcce8dd4c8885676f3ceebc6a033?s=96&d=mm&r=g\",\"contentUrl\":\"https:\\\/\\\/secure.gravatar.com\\\/avatar\\\/b1c4e533fbcd42ee10521a1130e528fcf474bcce8dd4c8885676f3ceebc6a033?s=96&d=mm&r=g\",\"caption\":\"comunicacion@rfess.es\"},\"url\":\"https:\\\/\\\/rfess.es\\\/es\\\/author\\\/comunicacionrfess-es\\\/\"}]}<\/script>\n<!-- \/ Yoast SEO plugin. -->","yoast_head_json":{"title":"Los ahogamientos mortales aumentan en enero de 2026","robots":{"index":"index","follow":"follow","max-snippet":"max-snippet:-1","max-image-preview":"max-image-preview:large","max-video-preview":"max-video-preview:-1"},"canonical":"https:\/\/rfess.es\/es\/los-ahogamientos-mortales-aumentan-en-enero-de-2026\/","og_locale":"es_ES","og_type":"article","og_title":"Los ahogamientos mortales aumentan en enero de 2026","og_description":"Los ahogamientos mortales aumentan en enero en 2026","og_url":"https:\/\/rfess.es\/es\/los-ahogamientos-mortales-aumentan-en-enero-de-2026\/","og_site_name":"RFESS","article_published_time":"2026-02-04T11:05:54+00:00","article_modified_time":"2026-02-04T11:14:51+00:00","og_image":[{"width":1086,"height":611,"url":"https:\/\/rfess.es\/wp-content\/uploads\/2026\/02\/2026-02-04-DESTACADA-Los-ahogamientos-mortales-aumentan-en-enero-de-2026.jpg","type":"image\/jpeg"}],"author":"comunicacion@rfess.es","twitter_card":"summary_large_image","twitter_misc":{"Escrito por":"comunicacion@rfess.es","Tiempo de lectura":"3 minutos"},"schema":{"@context":"https:\/\/schema.org","@graph":[{"@type":"Article","@id":"https:\/\/rfess.es\/los-ahogamientos-mortales-aumentan-en-enero-de-2026\/#article","isPartOf":{"@id":"https:\/\/rfess.es\/los-ahogamientos-mortales-aumentan-en-enero-de-2026\/"},"author":{"name":"comunicacion@rfess.es","@id":"https:\/\/rfess.es\/#\/schema\/person\/963a582f21b2c91851ea6bdff1dba3e0"},"headline":"Los ahogamientos mortales aumentan en enero de 2026","datePublished":"2026-02-04T11:05:54+00:00","dateModified":"2026-02-04T11:14:51+00:00","mainEntityOfPage":{"@id":"https:\/\/rfess.es\/los-ahogamientos-mortales-aumentan-en-enero-de-2026\/"},"wordCount":454,"publisher":{"@id":"https:\/\/rfess.es\/#organization"},"image":{"@id":"https:\/\/rfess.es\/los-ahogamientos-mortales-aumentan-en-enero-de-2026\/#primaryimage"},"thumbnailUrl":"https:\/\/rfess.es\/wp-content\/uploads\/2026\/02\/2026-02-04-DESTACADA-Los-ahogamientos-mortales-aumentan-en-enero-de-2026.jpg","inLanguage":"es"},{"@type":"WebPage","@id":"https:\/\/rfess.es\/los-ahogamientos-mortales-aumentan-en-enero-de-2026\/","url":"https:\/\/rfess.es\/los-ahogamientos-mortales-aumentan-en-enero-de-2026\/","name":"Los ahogamientos mortales aumentan en enero de 2026","isPartOf":{"@id":"https:\/\/rfess.es\/#website"},"primaryImageOfPage":{"@id":"https:\/\/rfess.es\/los-ahogamientos-mortales-aumentan-en-enero-de-2026\/#primaryimage"},"image":{"@id":"https:\/\/rfess.es\/los-ahogamientos-mortales-aumentan-en-enero-de-2026\/#primaryimage"},"thumbnailUrl":"https:\/\/rfess.es\/wp-content\/uploads\/2026\/02\/2026-02-04-DESTACADA-Los-ahogamientos-mortales-aumentan-en-enero-de-2026.jpg","datePublished":"2026-02-04T11:05:54+00:00","dateModified":"2026-02-04T11:14:51+00:00","breadcrumb":{"@id":"https:\/\/rfess.es\/los-ahogamientos-mortales-aumentan-en-enero-de-2026\/#breadcrumb"},"inLanguage":"es","potentialAction":[{"@type":"ReadAction","target":["https:\/\/rfess.es\/los-ahogamientos-mortales-aumentan-en-enero-de-2026\/"]}]},{"@type":"ImageObject","inLanguage":"es","@id":"https:\/\/rfess.es\/los-ahogamientos-mortales-aumentan-en-enero-de-2026\/#primaryimage","url":"https:\/\/rfess.es\/wp-content\/uploads\/2026\/02\/2026-02-04-DESTACADA-Los-ahogamientos-mortales-aumentan-en-enero-de-2026.jpg","contentUrl":"https:\/\/rfess.es\/wp-content\/uploads\/2026\/02\/2026-02-04-DESTACADA-Los-ahogamientos-mortales-aumentan-en-enero-de-2026.jpg","width":1086,"height":611},{"@type":"BreadcrumbList","@id":"https:\/\/rfess.es\/los-ahogamientos-mortales-aumentan-en-enero-de-2026\/#breadcrumb","itemListElement":[{"@type":"ListItem","position":1,"name":"Portada","item":"https:\/\/rfess.es\/"},{"@type":"ListItem","position":2,"name":"Los ahogamientos mortales aumentan en enero de 2026"}]},{"@type":"WebSite","@id":"https:\/\/rfess.es\/#website","url":"https:\/\/rfess.es\/","name":"RFESS","description":"Real Federaci\u00f3n Espa\u00f1ola de Salvamento y Socorrismo RFESS","publisher":{"@id":"https:\/\/rfess.es\/#organization"},"potentialAction":[{"@type":"SearchAction","target":{"@type":"EntryPoint","urlTemplate":"https:\/\/rfess.es\/?s={search_term_string}"},"query-input":{"@type":"PropertyValueSpecification","valueRequired":true,"valueName":"search_term_string"}}],"inLanguage":"es"},{"@type":"Organization","@id":"https:\/\/rfess.es\/#organization","name":"RFESS","url":"https:\/\/rfess.es\/","logo":{"@type":"ImageObject","inLanguage":"es","@id":"https:\/\/rfess.es\/#\/schema\/logo\/image\/","url":"https:\/\/rfess.es\/wp-content\/uploads\/2025\/10\/logo-rfess.png","contentUrl":"https:\/\/rfess.es\/wp-content\/uploads\/2025\/10\/logo-rfess.png","width":544,"height":180,"caption":"RFESS"},"image":{"@id":"https:\/\/rfess.es\/#\/schema\/logo\/image\/"}},{"@type":"Person","@id":"https:\/\/rfess.es\/#\/schema\/person\/963a582f21b2c91851ea6bdff1dba3e0","name":"comunicacion@rfess.es","image":{"@type":"ImageObject","inLanguage":"es","@id":"https:\/\/secure.gravatar.com\/avatar\/b1c4e533fbcd42ee10521a1130e528fcf474bcce8dd4c8885676f3ceebc6a033?s=96&d=mm&r=g","url":"https:\/\/secure.gravatar.com\/avatar\/b1c4e533fbcd42ee10521a1130e528fcf474bcce8dd4c8885676f3ceebc6a033?s=96&d=mm&r=g","contentUrl":"https:\/\/secure.gravatar.com\/avatar\/b1c4e533fbcd42ee10521a1130e528fcf474bcce8dd4c8885676f3ceebc6a033?s=96&d=mm&r=g","caption":"comunicacion@rfess.es"},"url":"https:\/\/rfess.es\/es\/author\/comunicacionrfess-es\/"}]}},"_links":{"self":[{"href":"https:\/\/rfess.es\/es\/wp-json\/wp\/v2\/posts\/989897","targetHints":{"allow":["GET"]}}],"collection":[{"href":"https:\/\/rfess.es\/es\/wp-json\/wp\/v2\/posts"}],"about":[{"href":"https:\/\/rfess.es\/es\/wp-json\/wp\/v2\/types\/post"}],"author":[{"embeddable":true,"href":"https:\/\/rfess.es\/es\/wp-json\/wp\/v2\/users\/6"}],"replies":[{"embeddable":true,"href":"https:\/\/rfess.es\/es\/wp-json\/wp\/v2\/comments?post=989897"}],"version-history":[{"count":11,"href":"https:\/\/rfess.es\/es\/wp-json\/wp\/v2\/posts\/989897\/revisions"}],"predecessor-version":[{"id":989912,"href":"https:\/\/rfess.es\/es\/wp-json\/wp\/v2\/posts\/989897\/revisions\/989912"}],"wp:featuredmedia":[{"embeddable":true,"href":"https:\/\/rfess.es\/es\/wp-json\/wp\/v2\/media\/989899"}],"wp:attachment":[{"href":"https:\/\/rfess.es\/es\/wp-json\/wp\/v2\/media?parent=989897"}],"wp:term":[{"taxonomy":"category","embeddable":true,"href":"https:\/\/rfess.es\/es\/wp-json\/wp\/v2\/categories?post=989897"},{"taxonomy":"post_tag","embeddable":true,"href":"https:\/\/rfess.es\/es\/wp-json\/wp\/v2\/tags?post=989897"}],"curies":[{"name":"wp","href":"https:\/\/api.w.org\/{rel}","templated":true}]}}