{"id":989849,"date":"2026-02-03T12:55:11","date_gmt":"2026-02-03T11:55:11","guid":{"rendered":"https:\/\/rfess.es\/?p=989849"},"modified":"2026-02-03T19:13:47","modified_gmt":"2026-02-03T18:13:47","slug":"congreso-sobre-prevencion-y-gestion-de-emergencias-por-ahogamientos","status":"publish","type":"post","link":"https:\/\/rfess.es\/es\/congreso-sobre-prevencion-y-gestion-de-emergencias-por-ahogamientos\/","title":{"rendered":"Congreso sobre Prevenci\u00f3n y Gesti\u00f3n de Emergencias por Ahogamientos"},"content":{"rendered":"<div data-elementor-type=\"wp-post\" data-elementor-id=\"989849\" class=\"elementor elementor-989849\" data-elementor-post-type=\"post\">\n\t\t\t\t<div class=\"elementor-element elementor-element-2ee28a5 e-flex e-con-boxed e-con e-parent\" data-id=\"2ee28a5\" data-element_type=\"container\" data-e-type=\"container\">\n\t\t\t\t\t<div class=\"e-con-inner\">\n\t\t\t\t<div class=\"vamtam-has-theme-widget-styles elementor-element elementor-element-2ca02c3 elementor-widget elementor-widget-heading\" data-id=\"2ca02c3\" data-element_type=\"widget\" data-e-type=\"widget\" data-widget_type=\"heading.default\">\n\t\t\t\t<div class=\"elementor-widget-container\">\n\t\t\t\t\t<h2 class=\"elementor-heading-title elementor-size-default\">Congreso sobre Prevenci\u00f3n, Atenci\u00f3n y Gesti\u00f3n de Emergencias por Ahogamientos en el Medio Acu\u00e1tico<\/h2>\t\t\t\t<\/div>\n\t\t\t\t<\/div>\n\t\t\t\t<div class=\"vamtam-has-theme-widget-styles elementor-element elementor-element-1defe45 elementor-widget elementor-widget-text-editor\" data-id=\"1defe45\" data-element_type=\"widget\" data-e-type=\"widget\" data-widget_type=\"text-editor.default\">\n\t\t\t\t<div class=\"elementor-widget-container\">\n\t\t\t\t\t\t\t\t\t<p class=\"p1\">El\u00a0<b>Sal\u00f3n de Actos del Excmo. Cabildo Insular de Lanzarote<\/b>\u00a0acoger\u00e1 el pr\u00f3ximo\u00a0<b>jueves 12 de febrero<\/b>, en horario de\u00a0<b>9:00 a 13:30 horas<\/b>, la celebraci\u00f3n del\u00a0<b>Congreso sobre Prevenci\u00f3n, Atenci\u00f3n y Gesti\u00f3n de Emergencias por Ahogamientos en el Medio Acu\u00e1tico en Canarias<\/b>, una iniciativa de inter\u00e9s p\u00fablico orientada a la reducci\u00f3n de la siniestralidad por ahogamientos y a la mejora de la coordinaci\u00f3n y capacidad de respuesta de los servicios implicados.<\/p><p class=\"p1\">El Congreso, organizado por el\u00a0<b>Consorcio de Seguridad y Emergencias de Lanzarote\u00a0<\/b>est\u00e1\u00a0<b>abierto al p\u00fablico general<\/b> y se presenta como una oportunidad \u00fanica para conocer, de primera mano, c\u00f3mo se trabaja para <b>salvar vidas en el medio acu\u00e1tico<\/b>. A trav\u00e9s de ponencias claras, experiencias reales y un coloquio con algunos de los principales referentes en seguridad, emergencias y salvamento, el encuentro invita a la ciudadan\u00eda a\u00a0<b>tomar conciencia, aprender a prevenir riesgos y entender qu\u00e9 hacer ante una situaci\u00f3n cr\u00edtica<\/b>, en un entorno cercano, divulgativo y de alto valor social.<\/p>\t\t\t\t\t\t\t\t<\/div>\n\t\t\t\t<\/div>\n\t\t\t\t<div class=\"elementor-element elementor-element-582acab elementor-arrows-position-outside elementor-widget elementor-widget-image-carousel\" data-id=\"582acab\" data-element_type=\"widget\" data-e-type=\"widget\" data-settings=\"{&quot;slides_to_show&quot;:&quot;1&quot;,&quot;navigation&quot;:&quot;arrows&quot;,&quot;infinite&quot;:&quot;yes&quot;,&quot;effect&quot;:&quot;slide&quot;,&quot;speed&quot;:500}\" data-widget_type=\"image-carousel.default\">\n\t\t\t\t<div class=\"elementor-widget-container\">\n\t\t\t\t\t\t\t<div class=\"elementor-image-carousel-wrapper swiper\" role=\"region\" aria-roledescription=\"carousel\" aria-label=\"Carrusel de im\u00e1genes\" dir=\"ltr\">\n\t\t\t<div class=\"elementor-image-carousel swiper-wrapper\" aria-live=\"polite\">\n\t\t\t\t\t\t\t\t<div class=\"swiper-slide\" role=\"group\" aria-roledescription=\"slide\" aria-label=\"1 de 2\"><figure class=\"swiper-slide-inner\"><img decoding=\"async\" class=\"swiper-slide-image\" src=\"https:\/\/rfess.es\/wp-content\/uploads\/2026\/02\/CARTEL-IMPRIMIR-DINA3-CONGRESO-AHOGAMIENTO-768x1086.jpg\" alt=\"CARTEL IMPRIMIR DINA3 CONGRESO AHOGAMIENTO\" \/><\/figure><\/div><div class=\"swiper-slide\" role=\"group\" aria-roledescription=\"slide\" aria-label=\"2 de 2\"><figure class=\"swiper-slide-inner\"><img decoding=\"async\" class=\"swiper-slide-image\" src=\"https:\/\/rfess.es\/wp-content\/uploads\/2026\/02\/PROGRAMA-IMPRIMIR-CONGRESO-AHOGAMIENTO-DINA4-768x1086.jpg\" alt=\"PROGRAMA IMPRIMIR CONGRESO AHOGAMIENTO DINA4\" \/><\/figure><\/div>\t\t\t<\/div>\n\t\t\t\t\t\t\t\t\t\t\t\t<div class=\"elementor-swiper-button elementor-swiper-button-prev\" role=\"button\" tabindex=\"0\">\n\t\t\t\t\t\t<i aria-hidden=\"true\" class=\"vamtamtheme- vamtam-theme-arrow-left\"><\/i>\t\t\t\t\t<\/div>\n\t\t\t\t\t<div class=\"elementor-swiper-button elementor-swiper-button-next\" role=\"button\" tabindex=\"0\">\n\t\t\t\t\t\t<i aria-hidden=\"true\" class=\"vamtamtheme- vamtam-theme-arrow-right\"><\/i>\t\t\t\t\t<\/div>\n\t\t\t\t\n\t\t\t\t\t\t\t\t\t<\/div>\n\t\t\t\t\t\t<\/div>\n\t\t\t\t<\/div>\n\t\t\t\t<div class=\"elementor-element elementor-element-ffebc54 elementor-widget-divider--view-line elementor-widget elementor-widget-divider\" data-id=\"ffebc54\" data-element_type=\"widget\" data-e-type=\"widget\" data-widget_type=\"divider.default\">\n\t\t\t\t<div class=\"elementor-widget-container\">\n\t\t\t\t\t\t\t<div class=\"elementor-divider\">\n\t\t\t<span class=\"elementor-divider-separator\">\n\t\t\t\t\t\t<\/span>\n\t\t<\/div>\n\t\t\t\t\t\t<\/div>\n\t\t\t\t<\/div>\n\t\t<div class=\"elementor-element elementor-element-c67031b e-grid e-con-full e-con e-child\" data-id=\"c67031b\" data-element_type=\"container\" data-e-type=\"container\">\n\t\t\t\t<div class=\"elementor-element elementor-element-b0673fa elementor-widget__width-auto elementor-widget elementor-widget-shortcode\" data-id=\"b0673fa\" data-element_type=\"widget\" data-e-type=\"widget\" data-settings=\"{&quot;_animation&quot;:&quot;none&quot;}\" data-widget_type=\"shortcode.default\">\n\t\t\t\t<div class=\"elementor-widget-container\">\n\t\t\t\t\t\t\t<div class=\"elementor-shortcode\"><a href=\"https:\/\/rfess.es\/wp-content\/uploads\/2026\/02\/PROGRAMA-IMPRIMIR-CONGRESO-AHOGAMIENTO-DINA4-scaled.jpg\" style=\"color:#144CF7;\">  Descarga el programa aqu\u00ed\n<\/a><\/div>\n\t\t\t\t\t\t<\/div>\n\t\t\t\t<\/div>\n\t\t\t\t<div class=\"elementor-element elementor-element-62cb8dd elementor-widget__width-auto elementor-widget elementor-widget-shortcode\" data-id=\"62cb8dd\" data-element_type=\"widget\" data-e-type=\"widget\" data-settings=\"{&quot;_animation&quot;:&quot;none&quot;}\" data-widget_type=\"shortcode.default\">\n\t\t\t\t<div class=\"elementor-widget-container\">\n\t\t\t\t\t\t\t<div class=\"elementor-shortcode\"><a href=\"https:\/\/emergenciaslanzarote.com\/congreso-sobre-prevencion-y-gestion-de-emergencias-por-ahogamientos-en-canarias\/\" style=\"color:#144CF7;\">  Inscripciones\n<\/a><\/div>\n\t\t\t\t\t\t<\/div>\n\t\t\t\t<\/div>\n\t\t\t\t<\/div>\n\t\t\t\t<div class=\"elementor-element elementor-element-bf3a4d2 elementor-widget-divider--view-line elementor-widget elementor-widget-divider\" data-id=\"bf3a4d2\" data-element_type=\"widget\" data-e-type=\"widget\" data-widget_type=\"divider.default\">\n\t\t\t\t<div class=\"elementor-widget-container\">\n\t\t\t\t\t\t\t<div class=\"elementor-divider\">\n\t\t\t<span class=\"elementor-divider-separator\">\n\t\t\t\t\t\t<\/span>\n\t\t<\/div>\n\t\t\t\t\t\t<\/div>\n\t\t\t\t<\/div>\n\t\t\t\t<div class=\"vamtam-has-theme-widget-styles elementor-element elementor-element-9d12299 elementor-widget elementor-widget-heading\" data-id=\"9d12299\" data-element_type=\"widget\" data-e-type=\"widget\" data-widget_type=\"heading.default\">\n\t\t\t\t<div class=\"elementor-widget-container\">\n\t\t\t\t\t<h2 class=\"elementor-heading-title elementor-size-default\">Programa y ponentes<\/h2>\t\t\t\t<\/div>\n\t\t\t\t<\/div>\n\t\t\t\t<div class=\"vamtam-has-theme-widget-styles elementor-element elementor-element-d993b17 elementor-widget elementor-widget-text-editor\" data-id=\"d993b17\" data-element_type=\"widget\" data-e-type=\"widget\" data-widget_type=\"text-editor.default\">\n\t\t\t\t<div class=\"elementor-widget-container\">\n\t\t\t\t\t\t\t\t\t<p class=\"p1\">El acto dar\u00e1 comienzo a las\u00a0<b>9:00 horas<\/b>\u00a0y contar\u00e1 con la participaci\u00f3n de\u00a0<b>ponentes de reconocido prestigio a nivel auton\u00f3mico y estatal<\/b>\u00a0en el \u00e1mbito de la seguridad acu\u00e1tica, la prevenci\u00f3n y la gesti\u00f3n de emergencias:<\/p><ul class=\"ul1\"><li class=\"li1\"><b>Ponencia 1:<\/b>\u00a0<i>La Inteligencia Artificial aplicada a la seguridad en el medio acu\u00e1tico<\/i>, a cargo de\u00a0<b>\u00d3scar Camps<\/b>, fundador de la\u00a0<b>Fundaci\u00f3n Open Arms<\/b>.<\/li><li class=\"li1\"><b>Ponencia 2:<\/b>\u00a0<i>La importancia de la prevenci\u00f3n en espacios acu\u00e1ticos. La educaci\u00f3n como clave<\/i>, impartida por\u00a0<b>Sebasti\u00e1n Quintana Galv\u00e1n<\/b>, presidente de la\u00a0<b>Asociaci\u00f3n Canarias 1500 km de Costa<\/b>.<\/li><li class=\"li1\"><b>Ponencia 3:<\/b> Real Federaci\u00f3n Espa\u00f1ola de Salvamento y Socorrismo. D\u00edgame, a cargo de su presidente, <b>Samuel G\u00f3mez<\/b>.<\/li><li class=\"li1\"><b>Ponencia 4:<\/b>\u00a0Herramientas actuales y futuras en Canarias para la prevenci\u00f3n, atenci\u00f3n y gesti\u00f3n de la emergencias por ahogamientos. de\u00a0<b>Montserrat Rom\u00e1n<\/b>, jefa del Servicio de Protecci\u00f3n Civil y Atenci\u00f3n de Emergencias del\u00a0<b>Gobierno de Canarias<\/b>.<\/li><\/ul>\t\t\t\t\t\t\t\t<\/div>\n\t\t\t\t<\/div>\n\t\t\t\t<div class=\"vamtam-has-theme-widget-styles elementor-element elementor-element-a58bab4 elementor-widget elementor-widget-heading\" data-id=\"a58bab4\" data-element_type=\"widget\" data-e-type=\"widget\" data-widget_type=\"heading.default\">\n\t\t\t\t<div class=\"elementor-widget-container\">\n\t\t\t\t\t<h2 class=\"elementor-heading-title elementor-size-default\">Mesa redonda y coloquio<\/h2>\t\t\t\t<\/div>\n\t\t\t\t<\/div>\n\t\t\t\t<div class=\"vamtam-has-theme-widget-styles elementor-element elementor-element-128e5e2 elementor-widget elementor-widget-text-editor\" data-id=\"128e5e2\" data-element_type=\"widget\" data-e-type=\"widget\" data-widget_type=\"text-editor.default\">\n\t\t\t\t<div class=\"elementor-widget-container\">\n\t\t\t\t\t\t\t\t\t<p class=\"p1\">Entre las\u00a0<b>11:50 y las 12:50 horas<\/b>\u00a0se celebrar\u00e1 una\u00a0<b>Mesa Redonda \u2013 Coloquio<\/b>, moderada por\u00a0<b>Fernando Figuereo<\/b>, director general de Emergencias del Gobierno de Canarias, en la que participar\u00e1n representantes de las principales instituciones y servicios implicados en la gesti\u00f3n de emergencias acu\u00e1ticas:<\/p><ul class=\"ul1\"><li class=\"li1\"><b>Francisco J. Aparicio<\/b>, presidente del Consorcio de Seguridad y Emergencias de Lanzarote<\/li><li class=\"li1\"><b>Luis Cabrera<\/b>, director gerente en funciones del\u00a0<b>Grupo de Emergencias y Salvamento<\/b><\/li><li class=\"li1\"><b>Enrique Espinosa<\/b>, gerente del Consorcio de Seguridad y Emergencias de Lanzarote<\/li><li class=\"li1\"><b>Montserrat Rom\u00e1n<\/b>, jefa del Servicio de Protecci\u00f3n Civil y Atenci\u00f3n de Emergencias<\/li><li class=\"li1\"><b>Jos\u00e9 Domingo Crespo<\/b>, jefe de Parque del Consorcio y sargento del Cuerpo de Bomberos de Lanzarote<\/li><li class=\"li1\"><b>\u00d3scar Camps<\/b>, fundador de Open Arms<\/li><li class=\"li1\"><b>Samuel G\u00f3mez<\/b>, presidente de la RFESS<\/li><li class=\"li1\"><b>Sebasti\u00e1n Quintana Galv\u00e1n<\/b>, presidente de la Asociaci\u00f3n Canarias 1500 km de Costa<\/li><li class=\"li1\"><b>Guadalupe Dom\u00ednguez Vladimir<\/b>, Oficial Jefe de la Polic\u00eda Local de Yaiza<\/li><\/ul><p class=\"p1\">El Congreso incluir\u00e1 posteriormente un\u00a0<b>turno de preguntas del p\u00fablico<\/b>\u00a0y finalizar\u00e1 con la\u00a0<b>intervenci\u00f3n de cierre del Presidente del Consorcio de Seguridad y Emergencias de Lanzarote<\/b>, alrededor de las\u00a0<b>13:30 horas<\/b>.<\/p><p>\u00a0<\/p><p class=\"p1\"><i>* Los horarios y el orden de las intervenciones podr\u00e1n sufrir ligeras variaciones.<\/i><\/p>\t\t\t\t\t\t\t\t<\/div>\n\t\t\t\t<\/div>\n\t\t\t\t\t<\/div>\n\t\t\t\t<\/div>\n\t\t\t\t<\/div>","protected":false},"excerpt":{"rendered":"<p>Congreso sobre Prevenci\u00f3n y Gesti\u00f3n de Emergencias por Ahogamientos<\/p>","protected":false},"author":6,"featured_media":989850,"comment_status":"closed","ping_status":"closed","sticky":false,"template":"","format":"standard","meta":{"_acf_changed":false,"footnotes":""},"categories":[1],"tags":[],"class_list":["post-989849","post","type-post","status-publish","format-standard","has-post-thumbnail","hentry","category-sin-categoria"],"acf":[],"yoast_head":"<!-- This site is optimized with the Yoast SEO plugin v27.3 - https:\/\/yoast.com\/product\/yoast-seo-wordpress\/ -->\n<title>Congreso sobre Prevenci\u00f3n y Gesti\u00f3n de Emergencias por Ahogamientos - RFESS<\/title>\n<meta name=\"robots\" content=\"index, follow, max-snippet:-1, max-image-preview:large, max-video-preview:-1\" \/>\n<link rel=\"canonical\" href=\"https:\/\/rfess.es\/es\/congreso-sobre-prevencion-y-gestion-de-emergencias-por-ahogamientos\/\" \/>\n<meta property=\"og:locale\" content=\"es_ES\" \/>\n<meta property=\"og:type\" content=\"article\" \/>\n<meta property=\"og:title\" content=\"Congreso sobre Prevenci\u00f3n y Gesti\u00f3n de Emergencias por Ahogamientos - RFESS\" \/>\n<meta property=\"og:description\" content=\"Congreso sobre Prevenci\u00f3n y Gesti\u00f3n de Emergencias por Ahogamientos\" \/>\n<meta property=\"og:url\" content=\"https:\/\/rfess.es\/es\/congreso-sobre-prevencion-y-gestion-de-emergencias-por-ahogamientos\/\" \/>\n<meta property=\"og:site_name\" content=\"RFESS\" \/>\n<meta property=\"article:published_time\" content=\"2026-02-03T11:55:11+00:00\" \/>\n<meta property=\"article:modified_time\" content=\"2026-02-03T18:13:47+00:00\" \/>\n<meta property=\"og:image\" content=\"https:\/\/rfess.es\/wp-content\/uploads\/2026\/02\/CONGRESO-AHOGAIENTO-1920X1080.jpg\" \/>\n\t<meta property=\"og:image:width\" content=\"1920\" \/>\n\t<meta property=\"og:image:height\" content=\"1080\" \/>\n\t<meta property=\"og:image:type\" content=\"image\/jpeg\" \/>\n<meta name=\"author\" content=\"comunicacion@rfess.es\" \/>\n<meta name=\"twitter:card\" content=\"summary_large_image\" \/>\n<meta name=\"twitter:label1\" content=\"Escrito por\" \/>\n\t<meta name=\"twitter:data1\" content=\"comunicacion@rfess.es\" \/>\n\t<meta name=\"twitter:label2\" content=\"Tiempo de lectura\" \/>\n\t<meta name=\"twitter:data2\" content=\"4 minutos\" \/>\n<script type=\"application\/ld+json\" class=\"yoast-schema-graph\">{\"@context\":\"https:\\\/\\\/schema.org\",\"@graph\":[{\"@type\":\"Article\",\"@id\":\"https:\\\/\\\/rfess.es\\\/congreso-sobre-prevencion-y-gestion-de-emergencias-por-ahogamientos\\\/#article\",\"isPartOf\":{\"@id\":\"https:\\\/\\\/rfess.es\\\/congreso-sobre-prevencion-y-gestion-de-emergencias-por-ahogamientos\\\/\"},\"author\":{\"name\":\"comunicacion@rfess.es\",\"@id\":\"https:\\\/\\\/rfess.es\\\/#\\\/schema\\\/person\\\/963a582f21b2c91851ea6bdff1dba3e0\"},\"headline\":\"Congreso sobre Prevenci\u00f3n y Gesti\u00f3n de Emergencias por Ahogamientos\",\"datePublished\":\"2026-02-03T11:55:11+00:00\",\"dateModified\":\"2026-02-03T18:13:47+00:00\",\"mainEntityOfPage\":{\"@id\":\"https:\\\/\\\/rfess.es\\\/congreso-sobre-prevencion-y-gestion-de-emergencias-por-ahogamientos\\\/\"},\"wordCount\":574,\"publisher\":{\"@id\":\"https:\\\/\\\/rfess.es\\\/#organization\"},\"image\":{\"@id\":\"https:\\\/\\\/rfess.es\\\/congreso-sobre-prevencion-y-gestion-de-emergencias-por-ahogamientos\\\/#primaryimage\"},\"thumbnailUrl\":\"https:\\\/\\\/rfess.es\\\/wp-content\\\/uploads\\\/2026\\\/02\\\/CONGRESO-AHOGAIENTO-1920X1080.jpg\",\"inLanguage\":\"es\"},{\"@type\":\"WebPage\",\"@id\":\"https:\\\/\\\/rfess.es\\\/congreso-sobre-prevencion-y-gestion-de-emergencias-por-ahogamientos\\\/\",\"url\":\"https:\\\/\\\/rfess.es\\\/congreso-sobre-prevencion-y-gestion-de-emergencias-por-ahogamientos\\\/\",\"name\":\"Congreso sobre Prevenci\u00f3n y Gesti\u00f3n de Emergencias por Ahogamientos - RFESS\",\"isPartOf\":{\"@id\":\"https:\\\/\\\/rfess.es\\\/#website\"},\"primaryImageOfPage\":{\"@id\":\"https:\\\/\\\/rfess.es\\\/congreso-sobre-prevencion-y-gestion-de-emergencias-por-ahogamientos\\\/#primaryimage\"},\"image\":{\"@id\":\"https:\\\/\\\/rfess.es\\\/congreso-sobre-prevencion-y-gestion-de-emergencias-por-ahogamientos\\\/#primaryimage\"},\"thumbnailUrl\":\"https:\\\/\\\/rfess.es\\\/wp-content\\\/uploads\\\/2026\\\/02\\\/CONGRESO-AHOGAIENTO-1920X1080.jpg\",\"datePublished\":\"2026-02-03T11:55:11+00:00\",\"dateModified\":\"2026-02-03T18:13:47+00:00\",\"breadcrumb\":{\"@id\":\"https:\\\/\\\/rfess.es\\\/congreso-sobre-prevencion-y-gestion-de-emergencias-por-ahogamientos\\\/#breadcrumb\"},\"inLanguage\":\"es\",\"potentialAction\":[{\"@type\":\"ReadAction\",\"target\":[\"https:\\\/\\\/rfess.es\\\/congreso-sobre-prevencion-y-gestion-de-emergencias-por-ahogamientos\\\/\"]}]},{\"@type\":\"ImageObject\",\"inLanguage\":\"es\",\"@id\":\"https:\\\/\\\/rfess.es\\\/congreso-sobre-prevencion-y-gestion-de-emergencias-por-ahogamientos\\\/#primaryimage\",\"url\":\"https:\\\/\\\/rfess.es\\\/wp-content\\\/uploads\\\/2026\\\/02\\\/CONGRESO-AHOGAIENTO-1920X1080.jpg\",\"contentUrl\":\"https:\\\/\\\/rfess.es\\\/wp-content\\\/uploads\\\/2026\\\/02\\\/CONGRESO-AHOGAIENTO-1920X1080.jpg\",\"width\":1920,\"height\":1080},{\"@type\":\"BreadcrumbList\",\"@id\":\"https:\\\/\\\/rfess.es\\\/congreso-sobre-prevencion-y-gestion-de-emergencias-por-ahogamientos\\\/#breadcrumb\",\"itemListElement\":[{\"@type\":\"ListItem\",\"position\":1,\"name\":\"Portada\",\"item\":\"https:\\\/\\\/rfess.es\\\/\"},{\"@type\":\"ListItem\",\"position\":2,\"name\":\"Congreso sobre Prevenci\u00f3n y Gesti\u00f3n de Emergencias por Ahogamientos\"}]},{\"@type\":\"WebSite\",\"@id\":\"https:\\\/\\\/rfess.es\\\/#website\",\"url\":\"https:\\\/\\\/rfess.es\\\/\",\"name\":\"RFESS\",\"description\":\"Real Federaci\u00f3n Espa\u00f1ola de Salvamento y Socorrismo RFESS\",\"publisher\":{\"@id\":\"https:\\\/\\\/rfess.es\\\/#organization\"},\"potentialAction\":[{\"@type\":\"SearchAction\",\"target\":{\"@type\":\"EntryPoint\",\"urlTemplate\":\"https:\\\/\\\/rfess.es\\\/?s={search_term_string}\"},\"query-input\":{\"@type\":\"PropertyValueSpecification\",\"valueRequired\":true,\"valueName\":\"search_term_string\"}}],\"inLanguage\":\"es\"},{\"@type\":\"Organization\",\"@id\":\"https:\\\/\\\/rfess.es\\\/#organization\",\"name\":\"RFESS\",\"url\":\"https:\\\/\\\/rfess.es\\\/\",\"logo\":{\"@type\":\"ImageObject\",\"inLanguage\":\"es\",\"@id\":\"https:\\\/\\\/rfess.es\\\/#\\\/schema\\\/logo\\\/image\\\/\",\"url\":\"https:\\\/\\\/rfess.es\\\/wp-content\\\/uploads\\\/2025\\\/10\\\/logo-rfess.png\",\"contentUrl\":\"https:\\\/\\\/rfess.es\\\/wp-content\\\/uploads\\\/2025\\\/10\\\/logo-rfess.png\",\"width\":544,\"height\":180,\"caption\":\"RFESS\"},\"image\":{\"@id\":\"https:\\\/\\\/rfess.es\\\/#\\\/schema\\\/logo\\\/image\\\/\"}},{\"@type\":\"Person\",\"@id\":\"https:\\\/\\\/rfess.es\\\/#\\\/schema\\\/person\\\/963a582f21b2c91851ea6bdff1dba3e0\",\"name\":\"comunicacion@rfess.es\",\"image\":{\"@type\":\"ImageObject\",\"inLanguage\":\"es\",\"@id\":\"https:\\\/\\\/secure.gravatar.com\\\/avatar\\\/b1c4e533fbcd42ee10521a1130e528fcf474bcce8dd4c8885676f3ceebc6a033?s=96&d=mm&r=g\",\"url\":\"https:\\\/\\\/secure.gravatar.com\\\/avatar\\\/b1c4e533fbcd42ee10521a1130e528fcf474bcce8dd4c8885676f3ceebc6a033?s=96&d=mm&r=g\",\"contentUrl\":\"https:\\\/\\\/secure.gravatar.com\\\/avatar\\\/b1c4e533fbcd42ee10521a1130e528fcf474bcce8dd4c8885676f3ceebc6a033?s=96&d=mm&r=g\",\"caption\":\"comunicacion@rfess.es\"},\"url\":\"https:\\\/\\\/rfess.es\\\/es\\\/author\\\/comunicacionrfess-es\\\/\"}]}<\/script>\n<!-- \/ Yoast SEO plugin. -->","yoast_head_json":{"title":"Congreso sobre Prevenci\u00f3n y Gesti\u00f3n de Emergencias por Ahogamientos - RFESS","robots":{"index":"index","follow":"follow","max-snippet":"max-snippet:-1","max-image-preview":"max-image-preview:large","max-video-preview":"max-video-preview:-1"},"canonical":"https:\/\/rfess.es\/es\/congreso-sobre-prevencion-y-gestion-de-emergencias-por-ahogamientos\/","og_locale":"es_ES","og_type":"article","og_title":"Congreso sobre Prevenci\u00f3n y Gesti\u00f3n de Emergencias por Ahogamientos - RFESS","og_description":"Congreso sobre Prevenci\u00f3n y Gesti\u00f3n de Emergencias por Ahogamientos","og_url":"https:\/\/rfess.es\/es\/congreso-sobre-prevencion-y-gestion-de-emergencias-por-ahogamientos\/","og_site_name":"RFESS","article_published_time":"2026-02-03T11:55:11+00:00","article_modified_time":"2026-02-03T18:13:47+00:00","og_image":[{"width":1920,"height":1080,"url":"https:\/\/rfess.es\/wp-content\/uploads\/2026\/02\/CONGRESO-AHOGAIENTO-1920X1080.jpg","type":"image\/jpeg"}],"author":"comunicacion@rfess.es","twitter_card":"summary_large_image","twitter_misc":{"Escrito por":"comunicacion@rfess.es","Tiempo de lectura":"4 minutos"},"schema":{"@context":"https:\/\/schema.org","@graph":[{"@type":"Article","@id":"https:\/\/rfess.es\/congreso-sobre-prevencion-y-gestion-de-emergencias-por-ahogamientos\/#article","isPartOf":{"@id":"https:\/\/rfess.es\/congreso-sobre-prevencion-y-gestion-de-emergencias-por-ahogamientos\/"},"author":{"name":"comunicacion@rfess.es","@id":"https:\/\/rfess.es\/#\/schema\/person\/963a582f21b2c91851ea6bdff1dba3e0"},"headline":"Congreso sobre Prevenci\u00f3n y Gesti\u00f3n de Emergencias por Ahogamientos","datePublished":"2026-02-03T11:55:11+00:00","dateModified":"2026-02-03T18:13:47+00:00","mainEntityOfPage":{"@id":"https:\/\/rfess.es\/congreso-sobre-prevencion-y-gestion-de-emergencias-por-ahogamientos\/"},"wordCount":574,"publisher":{"@id":"https:\/\/rfess.es\/#organization"},"image":{"@id":"https:\/\/rfess.es\/congreso-sobre-prevencion-y-gestion-de-emergencias-por-ahogamientos\/#primaryimage"},"thumbnailUrl":"https:\/\/rfess.es\/wp-content\/uploads\/2026\/02\/CONGRESO-AHOGAIENTO-1920X1080.jpg","inLanguage":"es"},{"@type":"WebPage","@id":"https:\/\/rfess.es\/congreso-sobre-prevencion-y-gestion-de-emergencias-por-ahogamientos\/","url":"https:\/\/rfess.es\/congreso-sobre-prevencion-y-gestion-de-emergencias-por-ahogamientos\/","name":"Congreso sobre Prevenci\u00f3n y Gesti\u00f3n de Emergencias por Ahogamientos - RFESS","isPartOf":{"@id":"https:\/\/rfess.es\/#website"},"primaryImageOfPage":{"@id":"https:\/\/rfess.es\/congreso-sobre-prevencion-y-gestion-de-emergencias-por-ahogamientos\/#primaryimage"},"image":{"@id":"https:\/\/rfess.es\/congreso-sobre-prevencion-y-gestion-de-emergencias-por-ahogamientos\/#primaryimage"},"thumbnailUrl":"https:\/\/rfess.es\/wp-content\/uploads\/2026\/02\/CONGRESO-AHOGAIENTO-1920X1080.jpg","datePublished":"2026-02-03T11:55:11+00:00","dateModified":"2026-02-03T18:13:47+00:00","breadcrumb":{"@id":"https:\/\/rfess.es\/congreso-sobre-prevencion-y-gestion-de-emergencias-por-ahogamientos\/#breadcrumb"},"inLanguage":"es","potentialAction":[{"@type":"ReadAction","target":["https:\/\/rfess.es\/congreso-sobre-prevencion-y-gestion-de-emergencias-por-ahogamientos\/"]}]},{"@type":"ImageObject","inLanguage":"es","@id":"https:\/\/rfess.es\/congreso-sobre-prevencion-y-gestion-de-emergencias-por-ahogamientos\/#primaryimage","url":"https:\/\/rfess.es\/wp-content\/uploads\/2026\/02\/CONGRESO-AHOGAIENTO-1920X1080.jpg","contentUrl":"https:\/\/rfess.es\/wp-content\/uploads\/2026\/02\/CONGRESO-AHOGAIENTO-1920X1080.jpg","width":1920,"height":1080},{"@type":"BreadcrumbList","@id":"https:\/\/rfess.es\/congreso-sobre-prevencion-y-gestion-de-emergencias-por-ahogamientos\/#breadcrumb","itemListElement":[{"@type":"ListItem","position":1,"name":"Portada","item":"https:\/\/rfess.es\/"},{"@type":"ListItem","position":2,"name":"Congreso sobre Prevenci\u00f3n y Gesti\u00f3n de Emergencias por Ahogamientos"}]},{"@type":"WebSite","@id":"https:\/\/rfess.es\/#website","url":"https:\/\/rfess.es\/","name":"RFESS","description":"Real Federaci\u00f3n Espa\u00f1ola de Salvamento y Socorrismo RFESS","publisher":{"@id":"https:\/\/rfess.es\/#organization"},"potentialAction":[{"@type":"SearchAction","target":{"@type":"EntryPoint","urlTemplate":"https:\/\/rfess.es\/?s={search_term_string}"},"query-input":{"@type":"PropertyValueSpecification","valueRequired":true,"valueName":"search_term_string"}}],"inLanguage":"es"},{"@type":"Organization","@id":"https:\/\/rfess.es\/#organization","name":"RFESS","url":"https:\/\/rfess.es\/","logo":{"@type":"ImageObject","inLanguage":"es","@id":"https:\/\/rfess.es\/#\/schema\/logo\/image\/","url":"https:\/\/rfess.es\/wp-content\/uploads\/2025\/10\/logo-rfess.png","contentUrl":"https:\/\/rfess.es\/wp-content\/uploads\/2025\/10\/logo-rfess.png","width":544,"height":180,"caption":"RFESS"},"image":{"@id":"https:\/\/rfess.es\/#\/schema\/logo\/image\/"}},{"@type":"Person","@id":"https:\/\/rfess.es\/#\/schema\/person\/963a582f21b2c91851ea6bdff1dba3e0","name":"comunicacion@rfess.es","image":{"@type":"ImageObject","inLanguage":"es","@id":"https:\/\/secure.gravatar.com\/avatar\/b1c4e533fbcd42ee10521a1130e528fcf474bcce8dd4c8885676f3ceebc6a033?s=96&d=mm&r=g","url":"https:\/\/secure.gravatar.com\/avatar\/b1c4e533fbcd42ee10521a1130e528fcf474bcce8dd4c8885676f3ceebc6a033?s=96&d=mm&r=g","contentUrl":"https:\/\/secure.gravatar.com\/avatar\/b1c4e533fbcd42ee10521a1130e528fcf474bcce8dd4c8885676f3ceebc6a033?s=96&d=mm&r=g","caption":"comunicacion@rfess.es"},"url":"https:\/\/rfess.es\/es\/author\/comunicacionrfess-es\/"}]}},"_links":{"self":[{"href":"https:\/\/rfess.es\/es\/wp-json\/wp\/v2\/posts\/989849","targetHints":{"allow":["GET"]}}],"collection":[{"href":"https:\/\/rfess.es\/es\/wp-json\/wp\/v2\/posts"}],"about":[{"href":"https:\/\/rfess.es\/es\/wp-json\/wp\/v2\/types\/post"}],"author":[{"embeddable":true,"href":"https:\/\/rfess.es\/es\/wp-json\/wp\/v2\/users\/6"}],"replies":[{"embeddable":true,"href":"https:\/\/rfess.es\/es\/wp-json\/wp\/v2\/comments?post=989849"}],"version-history":[{"count":16,"href":"https:\/\/rfess.es\/es\/wp-json\/wp\/v2\/posts\/989849\/revisions"}],"predecessor-version":[{"id":989866,"href":"https:\/\/rfess.es\/es\/wp-json\/wp\/v2\/posts\/989849\/revisions\/989866"}],"wp:featuredmedia":[{"embeddable":true,"href":"https:\/\/rfess.es\/es\/wp-json\/wp\/v2\/media\/989850"}],"wp:attachment":[{"href":"https:\/\/rfess.es\/es\/wp-json\/wp\/v2\/media?parent=989849"}],"wp:term":[{"taxonomy":"category","embeddable":true,"href":"https:\/\/rfess.es\/es\/wp-json\/wp\/v2\/categories?post=989849"},{"taxonomy":"post_tag","embeddable":true,"href":"https:\/\/rfess.es\/es\/wp-json\/wp\/v2\/tags?post=989849"}],"curies":[{"name":"wp","href":"https:\/\/api.w.org\/{rel}","templated":true}]}}