{"id":989721,"date":"2025-09-02T08:00:15","date_gmt":"2025-09-02T06:00:15","guid":{"rendered":"https:\/\/rfess.es\/?p=989721"},"modified":"2026-02-02T11:43:04","modified_gmt":"2026-02-02T10:43:04","slug":"espana-campeona-de-europa-junior-y-bronce-absoluto","status":"publish","type":"post","link":"https:\/\/rfess.es\/es\/espana-campeona-de-europa-junior-y-bronce-absoluto\/","title":{"rendered":"Espa\u00f1a, campeona de Europa j\u00fanior y bronce absoluto"},"content":{"rendered":"<div data-elementor-type=\"wp-post\" data-elementor-id=\"989721\" class=\"elementor elementor-989721\" data-elementor-post-type=\"post\">\n\t\t\t\t<div class=\"elementor-element elementor-element-2ee28a5 e-flex e-con-boxed e-con e-parent\" data-id=\"2ee28a5\" data-element_type=\"container\" data-e-type=\"container\">\n\t\t\t\t\t<div class=\"e-con-inner\">\n\t\t\t\t<div class=\"vamtam-has-theme-widget-styles elementor-element elementor-element-2ca02c3 elementor-widget elementor-widget-heading\" data-id=\"2ca02c3\" data-element_type=\"widget\" data-e-type=\"widget\" data-widget_type=\"heading.default\">\n\t\t\t\t<div class=\"elementor-widget-container\">\n\t\t\t\t\t<h2 class=\"elementor-heading-title elementor-size-default\">Los equipos nacionales arrasan en los Europeos de Polonia y concluyen con 56 medallas, 29 en piscina y 27 en playa<\/h2>\t\t\t\t<\/div>\n\t\t\t\t<\/div>\n\t\t\t\t<div class=\"vamtam-has-theme-widget-styles elementor-element elementor-element-1defe45 elementor-widget elementor-widget-text-editor\" data-id=\"1defe45\" data-element_type=\"widget\" data-e-type=\"widget\" data-widget_type=\"text-editor.default\">\n\t\t\t\t<div class=\"elementor-widget-container\">\n\t\t\t\t\t\t\t\t\t<p class=\"p1\">La Selecci\u00f3n espa\u00f1ola j\u00fanior se ha proclamado campeona de Europa de salvamento y socorrismo y la absoluta alcanza una tercera clasificaci\u00f3n, poniendo as\u00ed el broche de oro a una intensa semana de competici\u00f3n en los Campeonatos de Europa por Naciones -\u2018European Lifesaving Championships\u2019- de Polonia con un balance global de 56 medallas. La combinaci\u00f3n de talento joven y experiencia en la \u00e9lite ha permitido a Espa\u00f1a brillar tanto en la piscina como en la playa, sumando 38 preseas en la categor\u00eda j\u00fanior y 18 en la absoluta.<\/p><p class=\"p1\">En la clasificaci\u00f3n general, Espa\u00f1a confirm\u00f3 su dominio con los j\u00faniors en lo m\u00e1s alto del podio europeo con 994 puntos, seguida por Alemania (822) y Francia (801), mientras que el equipo absoluto cerr\u00f3 una brillante participaci\u00f3n con 797 puntos que le hicieron escalar hasta la tercera posici\u00f3n, por detr\u00e1s de Francia (934) e Italia (809).<\/p>\t\t\t\t\t\t\t\t<\/div>\n\t\t\t\t<\/div>\n\t\t\t\t<div class=\"vamtam-has-theme-widget-styles elementor-element elementor-element-9d12299 elementor-widget elementor-widget-heading\" data-id=\"9d12299\" data-element_type=\"widget\" data-e-type=\"widget\" data-widget_type=\"heading.default\">\n\t\t\t\t<div class=\"elementor-widget-container\">\n\t\t\t\t\t<h2 class=\"elementor-heading-title elementor-size-default\">Gran nivel tanto en piscina como en playa<\/h2>\t\t\t\t<\/div>\n\t\t\t\t<\/div>\n\t\t\t\t<div class=\"vamtam-has-theme-widget-styles elementor-element elementor-element-d993b17 elementor-widget elementor-widget-text-editor\" data-id=\"d993b17\" data-element_type=\"widget\" data-e-type=\"widget\" data-widget_type=\"text-editor.default\">\n\t\t\t\t<div class=\"elementor-widget-container\">\n\t\t\t\t\t\t\t\t\t<p class=\"p1\">Por categor\u00edas, la j\u00fanior ha obtenido 20 medallas en piscina y 18 en playa, con un reparto de 23 femeninas, 13 masculinas y 2 mixtas. Por su parte, la selecci\u00f3n absoluta ha sumado 9 medallas en piscina y 9 en playa, con un balance de 11 femeninas, 6 masculinas y una mixta.<\/p><p class=\"p1\">En el c\u00f3mputo por tipo de metal en las pruebas de playa, Espa\u00f1a ha alcanzado un total de 6 oros, 10 platas y 11 bronces. De ellos, los j\u00faniors han conseguido 4 oros, 7 platas y 7 bronces, mientras que los absolutos han aportado 2 oros, 3 platas y 4 bronces.<\/p>\t\t\t\t\t\t\t\t<\/div>\n\t\t\t\t<\/div>\n\t\t\t\t<div class=\"vamtam-has-theme-widget-styles elementor-element elementor-element-a58bab4 elementor-widget elementor-widget-heading\" data-id=\"a58bab4\" data-element_type=\"widget\" data-e-type=\"widget\" data-widget_type=\"heading.default\">\n\t\t\t\t<div class=\"elementor-widget-container\">\n\t\t\t\t\t<h2 class=\"elementor-heading-title elementor-size-default\">Reflejo del esfuerzo constante<\/h2>\t\t\t\t<\/div>\n\t\t\t\t<\/div>\n\t\t\t\t<div class=\"vamtam-has-theme-widget-styles elementor-element elementor-element-8d152b3 elementor-widget elementor-widget-text-editor\" data-id=\"8d152b3\" data-element_type=\"widget\" data-e-type=\"widget\" data-widget_type=\"text-editor.default\">\n\t\t\t\t<div class=\"elementor-widget-container\">\n\t\t\t\t\t\t\t\t\t<p class=\"p1\">M\u00e1s all\u00e1 de las cifras, los Campeonatos de Europa han demostrado la proyecci\u00f3n del salvamento y socorrismo espa\u00f1ol. Desde la Real Federaci\u00f3n Espa\u00f1ola de Salvamento y Socorrismo se felicita a todos los socorristas por los resultados obtenidos, fruto del esfuerzo diario y del compromiso que demuestran en cada competici\u00f3n.<\/p><p class=\"p1\">Los \u2018European Lifesaving Championships\u2019 han sido el reflejo del esfuerzo compartido durante todo el a\u00f1o. El trabajo constante de los deportistas, el apoyo de los clubes y federaciones auton\u00f3micas, la dedicaci\u00f3n de los entrenadores y la entrega de sus familias han hecho posible que Espa\u00f1a siga creciendo y consolid\u00e1ndose en el salvamento y socorrismo internacional.<\/p>\t\t\t\t\t\t\t\t<\/div>\n\t\t\t\t<\/div>\n\t\t\t\t<div class=\"elementor-element elementor-element-582acab elementor-arrows-position-outside elementor-widget elementor-widget-image-carousel\" data-id=\"582acab\" data-element_type=\"widget\" data-e-type=\"widget\" data-settings=\"{&quot;slides_to_show&quot;:&quot;1&quot;,&quot;navigation&quot;:&quot;arrows&quot;,&quot;infinite&quot;:&quot;yes&quot;,&quot;effect&quot;:&quot;slide&quot;,&quot;speed&quot;:500}\" data-widget_type=\"image-carousel.default\">\n\t\t\t\t<div class=\"elementor-widget-container\">\n\t\t\t\t\t\t\t<div class=\"elementor-image-carousel-wrapper swiper\" role=\"region\" aria-roledescription=\"carousel\" aria-label=\"Carrusel de im\u00e1genes\" dir=\"ltr\">\n\t\t\t<div class=\"elementor-image-carousel swiper-wrapper\" aria-live=\"polite\">\n\t\t\t\t\t\t\t\t<div class=\"swiper-slide\" role=\"group\" aria-roledescription=\"slide\" aria-label=\"1 de 3\"><figure class=\"swiper-slide-inner\"><img decoding=\"async\" class=\"swiper-slide-image\" src=\"https:\/\/rfess.es\/wp-content\/uploads\/2026\/02\/2025-09-02-FOTOGRAFIA-1-Resultados-Seleccion-Espanola-en-Campeonato-Europeo.png\" alt=\"2025-09-02 FOTOGRAFIA 1 Resultados Seleccion Espan\u0303ola en Campeonato Europeo\" \/><\/figure><\/div><div class=\"swiper-slide\" role=\"group\" aria-roledescription=\"slide\" aria-label=\"2 de 3\"><figure class=\"swiper-slide-inner\"><img decoding=\"async\" class=\"swiper-slide-image\" src=\"https:\/\/rfess.es\/wp-content\/uploads\/2026\/02\/2025-09-02-FOTOGRAFIA-3-Resultados-Seleccion-Espanola-en-Campeonato-Europeo.png\" alt=\"2025-09-02 FOTOGRAFIA 3 Resultados Seleccion Espan\u0303ola en Campeonato Europeo\" \/><\/figure><\/div><div class=\"swiper-slide\" role=\"group\" aria-roledescription=\"slide\" aria-label=\"3 de 3\"><figure class=\"swiper-slide-inner\"><img decoding=\"async\" class=\"swiper-slide-image\" src=\"https:\/\/rfess.es\/wp-content\/uploads\/2026\/02\/2025-09-02-FOTOGRAFIA-2-Resultados-Seleccion-Espanola-en-Campeonato-Europeo.png\" alt=\"2025-09-02 FOTOGRAFIA 2 Resultados Seleccion Espan\u0303ola en Campeonato Europeo\" \/><\/figure><\/div>\t\t\t<\/div>\n\t\t\t\t\t\t\t\t\t\t\t\t<div class=\"elementor-swiper-button elementor-swiper-button-prev\" role=\"button\" tabindex=\"0\">\n\t\t\t\t\t\t<i aria-hidden=\"true\" class=\"vamtamtheme- vamtam-theme-arrow-left\"><\/i>\t\t\t\t\t<\/div>\n\t\t\t\t\t<div class=\"elementor-swiper-button elementor-swiper-button-next\" role=\"button\" tabindex=\"0\">\n\t\t\t\t\t\t<i aria-hidden=\"true\" class=\"vamtamtheme- vamtam-theme-arrow-right\"><\/i>\t\t\t\t\t<\/div>\n\t\t\t\t\n\t\t\t\t\t\t\t\t\t<\/div>\n\t\t\t\t\t\t<\/div>\n\t\t\t\t<\/div>\n\t\t\t\t<div class=\"vamtam-has-theme-widget-styles elementor-element elementor-element-34c2198 elementor-widget elementor-widget-text-editor\" data-id=\"34c2198\" data-element_type=\"widget\" data-e-type=\"widget\" data-widget_type=\"text-editor.default\">\n\t\t\t\t<div class=\"elementor-widget-container\">\n\t\t\t\t\t\t\t\t\t<p class=\"p1\">FOTOGRAF\u00cdAS.- Im\u00e1genes de la ceremonia de premiaci\u00f3n clasificatoria con las Selecciones nacionales J\u00fanior y Absoluta que participan en el Europeo de salvamento y socorrismo en Polonia.\/ RFESS<\/p>\t\t\t\t\t\t\t\t<\/div>\n\t\t\t\t<\/div>\n\t\t\t\t\t<\/div>\n\t\t\t\t<\/div>\n\t\t\t\t<\/div>","protected":false},"excerpt":{"rendered":"<p>Espa\u00f1a se proclama campeona de Europa j\u00fanior y bronce absoluto<\/p>","protected":false},"author":6,"featured_media":989723,"comment_status":"closed","ping_status":"closed","sticky":false,"template":"","format":"standard","meta":{"_acf_changed":false,"footnotes":""},"categories":[1],"tags":[],"class_list":["post-989721","post","type-post","status-publish","format-standard","has-post-thumbnail","hentry","category-sin-categoria"],"acf":[],"yoast_head":"<!-- This site is optimized with the Yoast SEO plugin v27.3 - https:\/\/yoast.com\/product\/yoast-seo-wordpress\/ -->\n<title>Espa\u00f1a, campeona de Europa j\u00fanior y bronce absoluto - RFESS<\/title>\n<meta name=\"robots\" content=\"index, follow, max-snippet:-1, max-image-preview:large, max-video-preview:-1\" \/>\n<link rel=\"canonical\" href=\"https:\/\/rfess.es\/es\/espana-campeona-de-europa-junior-y-bronce-absoluto\/\" \/>\n<meta property=\"og:locale\" content=\"es_ES\" \/>\n<meta property=\"og:type\" content=\"article\" \/>\n<meta property=\"og:title\" content=\"Espa\u00f1a, campeona de Europa j\u00fanior y bronce absoluto - RFESS\" \/>\n<meta property=\"og:description\" content=\"Espa\u00f1a se proclama campeona de Europa j\u00fanior y bronce absoluto\" \/>\n<meta property=\"og:url\" content=\"https:\/\/rfess.es\/es\/espana-campeona-de-europa-junior-y-bronce-absoluto\/\" \/>\n<meta property=\"og:site_name\" content=\"RFESS\" \/>\n<meta property=\"article:published_time\" content=\"2025-09-02T06:00:15+00:00\" \/>\n<meta property=\"article:modified_time\" content=\"2026-02-02T10:43:04+00:00\" \/>\n<meta property=\"og:image\" content=\"https:\/\/rfess.es\/wp-content\/uploads\/2025\/09\/2025-09-02-DESTACADA-Resultados-Seleccion-Espanola-en-Campeonato-Europeo.png\" \/>\n\t<meta property=\"og:image:width\" content=\"1086\" \/>\n\t<meta property=\"og:image:height\" content=\"611\" \/>\n\t<meta property=\"og:image:type\" content=\"image\/png\" \/>\n<meta name=\"author\" content=\"comunicacion@rfess.es\" \/>\n<meta name=\"twitter:card\" content=\"summary_large_image\" \/>\n<meta name=\"twitter:label1\" content=\"Escrito por\" \/>\n\t<meta name=\"twitter:data1\" content=\"comunicacion@rfess.es\" \/>\n\t<meta name=\"twitter:label2\" content=\"Tiempo de lectura\" \/>\n\t<meta name=\"twitter:data2\" content=\"3 minutos\" \/>\n<script type=\"application\/ld+json\" class=\"yoast-schema-graph\">{\"@context\":\"https:\\\/\\\/schema.org\",\"@graph\":[{\"@type\":\"Article\",\"@id\":\"https:\\\/\\\/rfess.es\\\/espana-campeona-de-europa-junior-y-bronce-absoluto\\\/#article\",\"isPartOf\":{\"@id\":\"https:\\\/\\\/rfess.es\\\/espana-campeona-de-europa-junior-y-bronce-absoluto\\\/\"},\"author\":{\"name\":\"comunicacion@rfess.es\",\"@id\":\"https:\\\/\\\/rfess.es\\\/#\\\/schema\\\/person\\\/963a582f21b2c91851ea6bdff1dba3e0\"},\"headline\":\"Espa\u00f1a, campeona de Europa j\u00fanior y bronce absoluto\",\"datePublished\":\"2025-09-02T06:00:15+00:00\",\"dateModified\":\"2026-02-02T10:43:04+00:00\",\"mainEntityOfPage\":{\"@id\":\"https:\\\/\\\/rfess.es\\\/espana-campeona-de-europa-junior-y-bronce-absoluto\\\/\"},\"wordCount\":430,\"publisher\":{\"@id\":\"https:\\\/\\\/rfess.es\\\/#organization\"},\"image\":{\"@id\":\"https:\\\/\\\/rfess.es\\\/espana-campeona-de-europa-junior-y-bronce-absoluto\\\/#primaryimage\"},\"thumbnailUrl\":\"https:\\\/\\\/rfess.es\\\/wp-content\\\/uploads\\\/2025\\\/09\\\/2025-09-02-DESTACADA-Resultados-Seleccion-Espanola-en-Campeonato-Europeo.png\",\"inLanguage\":\"es\"},{\"@type\":\"WebPage\",\"@id\":\"https:\\\/\\\/rfess.es\\\/espana-campeona-de-europa-junior-y-bronce-absoluto\\\/\",\"url\":\"https:\\\/\\\/rfess.es\\\/espana-campeona-de-europa-junior-y-bronce-absoluto\\\/\",\"name\":\"Espa\u00f1a, campeona de Europa j\u00fanior y bronce absoluto - RFESS\",\"isPartOf\":{\"@id\":\"https:\\\/\\\/rfess.es\\\/#website\"},\"primaryImageOfPage\":{\"@id\":\"https:\\\/\\\/rfess.es\\\/espana-campeona-de-europa-junior-y-bronce-absoluto\\\/#primaryimage\"},\"image\":{\"@id\":\"https:\\\/\\\/rfess.es\\\/espana-campeona-de-europa-junior-y-bronce-absoluto\\\/#primaryimage\"},\"thumbnailUrl\":\"https:\\\/\\\/rfess.es\\\/wp-content\\\/uploads\\\/2025\\\/09\\\/2025-09-02-DESTACADA-Resultados-Seleccion-Espanola-en-Campeonato-Europeo.png\",\"datePublished\":\"2025-09-02T06:00:15+00:00\",\"dateModified\":\"2026-02-02T10:43:04+00:00\",\"breadcrumb\":{\"@id\":\"https:\\\/\\\/rfess.es\\\/espana-campeona-de-europa-junior-y-bronce-absoluto\\\/#breadcrumb\"},\"inLanguage\":\"es\",\"potentialAction\":[{\"@type\":\"ReadAction\",\"target\":[\"https:\\\/\\\/rfess.es\\\/espana-campeona-de-europa-junior-y-bronce-absoluto\\\/\"]}]},{\"@type\":\"ImageObject\",\"inLanguage\":\"es\",\"@id\":\"https:\\\/\\\/rfess.es\\\/espana-campeona-de-europa-junior-y-bronce-absoluto\\\/#primaryimage\",\"url\":\"https:\\\/\\\/rfess.es\\\/wp-content\\\/uploads\\\/2025\\\/09\\\/2025-09-02-DESTACADA-Resultados-Seleccion-Espanola-en-Campeonato-Europeo.png\",\"contentUrl\":\"https:\\\/\\\/rfess.es\\\/wp-content\\\/uploads\\\/2025\\\/09\\\/2025-09-02-DESTACADA-Resultados-Seleccion-Espanola-en-Campeonato-Europeo.png\",\"width\":1086,\"height\":611},{\"@type\":\"BreadcrumbList\",\"@id\":\"https:\\\/\\\/rfess.es\\\/espana-campeona-de-europa-junior-y-bronce-absoluto\\\/#breadcrumb\",\"itemListElement\":[{\"@type\":\"ListItem\",\"position\":1,\"name\":\"Portada\",\"item\":\"https:\\\/\\\/rfess.es\\\/\"},{\"@type\":\"ListItem\",\"position\":2,\"name\":\"Espa\u00f1a, campeona de Europa j\u00fanior y bronce absoluto\"}]},{\"@type\":\"WebSite\",\"@id\":\"https:\\\/\\\/rfess.es\\\/#website\",\"url\":\"https:\\\/\\\/rfess.es\\\/\",\"name\":\"RFESS\",\"description\":\"Real Federaci\u00f3n Espa\u00f1ola de Salvamento y Socorrismo RFESS\",\"publisher\":{\"@id\":\"https:\\\/\\\/rfess.es\\\/#organization\"},\"potentialAction\":[{\"@type\":\"SearchAction\",\"target\":{\"@type\":\"EntryPoint\",\"urlTemplate\":\"https:\\\/\\\/rfess.es\\\/?s={search_term_string}\"},\"query-input\":{\"@type\":\"PropertyValueSpecification\",\"valueRequired\":true,\"valueName\":\"search_term_string\"}}],\"inLanguage\":\"es\"},{\"@type\":\"Organization\",\"@id\":\"https:\\\/\\\/rfess.es\\\/#organization\",\"name\":\"RFESS\",\"url\":\"https:\\\/\\\/rfess.es\\\/\",\"logo\":{\"@type\":\"ImageObject\",\"inLanguage\":\"es\",\"@id\":\"https:\\\/\\\/rfess.es\\\/#\\\/schema\\\/logo\\\/image\\\/\",\"url\":\"https:\\\/\\\/rfess.es\\\/wp-content\\\/uploads\\\/2025\\\/10\\\/logo-rfess.png\",\"contentUrl\":\"https:\\\/\\\/rfess.es\\\/wp-content\\\/uploads\\\/2025\\\/10\\\/logo-rfess.png\",\"width\":544,\"height\":180,\"caption\":\"RFESS\"},\"image\":{\"@id\":\"https:\\\/\\\/rfess.es\\\/#\\\/schema\\\/logo\\\/image\\\/\"}},{\"@type\":\"Person\",\"@id\":\"https:\\\/\\\/rfess.es\\\/#\\\/schema\\\/person\\\/963a582f21b2c91851ea6bdff1dba3e0\",\"name\":\"comunicacion@rfess.es\",\"image\":{\"@type\":\"ImageObject\",\"inLanguage\":\"es\",\"@id\":\"https:\\\/\\\/secure.gravatar.com\\\/avatar\\\/b1c4e533fbcd42ee10521a1130e528fcf474bcce8dd4c8885676f3ceebc6a033?s=96&d=mm&r=g\",\"url\":\"https:\\\/\\\/secure.gravatar.com\\\/avatar\\\/b1c4e533fbcd42ee10521a1130e528fcf474bcce8dd4c8885676f3ceebc6a033?s=96&d=mm&r=g\",\"contentUrl\":\"https:\\\/\\\/secure.gravatar.com\\\/avatar\\\/b1c4e533fbcd42ee10521a1130e528fcf474bcce8dd4c8885676f3ceebc6a033?s=96&d=mm&r=g\",\"caption\":\"comunicacion@rfess.es\"},\"url\":\"https:\\\/\\\/rfess.es\\\/es\\\/author\\\/comunicacionrfess-es\\\/\"}]}<\/script>\n<!-- \/ Yoast SEO plugin. -->","yoast_head_json":{"title":"Espa\u00f1a, campeona de Europa j\u00fanior y bronce absoluto - RFESS","robots":{"index":"index","follow":"follow","max-snippet":"max-snippet:-1","max-image-preview":"max-image-preview:large","max-video-preview":"max-video-preview:-1"},"canonical":"https:\/\/rfess.es\/es\/espana-campeona-de-europa-junior-y-bronce-absoluto\/","og_locale":"es_ES","og_type":"article","og_title":"Espa\u00f1a, campeona de Europa j\u00fanior y bronce absoluto - RFESS","og_description":"Espa\u00f1a se proclama campeona de Europa j\u00fanior y bronce absoluto","og_url":"https:\/\/rfess.es\/es\/espana-campeona-de-europa-junior-y-bronce-absoluto\/","og_site_name":"RFESS","article_published_time":"2025-09-02T06:00:15+00:00","article_modified_time":"2026-02-02T10:43:04+00:00","og_image":[{"width":1086,"height":611,"url":"https:\/\/rfess.es\/wp-content\/uploads\/2025\/09\/2025-09-02-DESTACADA-Resultados-Seleccion-Espanola-en-Campeonato-Europeo.png","type":"image\/png"}],"author":"comunicacion@rfess.es","twitter_card":"summary_large_image","twitter_misc":{"Escrito por":"comunicacion@rfess.es","Tiempo de lectura":"3 minutos"},"schema":{"@context":"https:\/\/schema.org","@graph":[{"@type":"Article","@id":"https:\/\/rfess.es\/espana-campeona-de-europa-junior-y-bronce-absoluto\/#article","isPartOf":{"@id":"https:\/\/rfess.es\/espana-campeona-de-europa-junior-y-bronce-absoluto\/"},"author":{"name":"comunicacion@rfess.es","@id":"https:\/\/rfess.es\/#\/schema\/person\/963a582f21b2c91851ea6bdff1dba3e0"},"headline":"Espa\u00f1a, campeona de Europa j\u00fanior y bronce absoluto","datePublished":"2025-09-02T06:00:15+00:00","dateModified":"2026-02-02T10:43:04+00:00","mainEntityOfPage":{"@id":"https:\/\/rfess.es\/espana-campeona-de-europa-junior-y-bronce-absoluto\/"},"wordCount":430,"publisher":{"@id":"https:\/\/rfess.es\/#organization"},"image":{"@id":"https:\/\/rfess.es\/espana-campeona-de-europa-junior-y-bronce-absoluto\/#primaryimage"},"thumbnailUrl":"https:\/\/rfess.es\/wp-content\/uploads\/2025\/09\/2025-09-02-DESTACADA-Resultados-Seleccion-Espanola-en-Campeonato-Europeo.png","inLanguage":"es"},{"@type":"WebPage","@id":"https:\/\/rfess.es\/espana-campeona-de-europa-junior-y-bronce-absoluto\/","url":"https:\/\/rfess.es\/espana-campeona-de-europa-junior-y-bronce-absoluto\/","name":"Espa\u00f1a, campeona de Europa j\u00fanior y bronce absoluto - RFESS","isPartOf":{"@id":"https:\/\/rfess.es\/#website"},"primaryImageOfPage":{"@id":"https:\/\/rfess.es\/espana-campeona-de-europa-junior-y-bronce-absoluto\/#primaryimage"},"image":{"@id":"https:\/\/rfess.es\/espana-campeona-de-europa-junior-y-bronce-absoluto\/#primaryimage"},"thumbnailUrl":"https:\/\/rfess.es\/wp-content\/uploads\/2025\/09\/2025-09-02-DESTACADA-Resultados-Seleccion-Espanola-en-Campeonato-Europeo.png","datePublished":"2025-09-02T06:00:15+00:00","dateModified":"2026-02-02T10:43:04+00:00","breadcrumb":{"@id":"https:\/\/rfess.es\/espana-campeona-de-europa-junior-y-bronce-absoluto\/#breadcrumb"},"inLanguage":"es","potentialAction":[{"@type":"ReadAction","target":["https:\/\/rfess.es\/espana-campeona-de-europa-junior-y-bronce-absoluto\/"]}]},{"@type":"ImageObject","inLanguage":"es","@id":"https:\/\/rfess.es\/espana-campeona-de-europa-junior-y-bronce-absoluto\/#primaryimage","url":"https:\/\/rfess.es\/wp-content\/uploads\/2025\/09\/2025-09-02-DESTACADA-Resultados-Seleccion-Espanola-en-Campeonato-Europeo.png","contentUrl":"https:\/\/rfess.es\/wp-content\/uploads\/2025\/09\/2025-09-02-DESTACADA-Resultados-Seleccion-Espanola-en-Campeonato-Europeo.png","width":1086,"height":611},{"@type":"BreadcrumbList","@id":"https:\/\/rfess.es\/espana-campeona-de-europa-junior-y-bronce-absoluto\/#breadcrumb","itemListElement":[{"@type":"ListItem","position":1,"name":"Portada","item":"https:\/\/rfess.es\/"},{"@type":"ListItem","position":2,"name":"Espa\u00f1a, campeona de Europa j\u00fanior y bronce absoluto"}]},{"@type":"WebSite","@id":"https:\/\/rfess.es\/#website","url":"https:\/\/rfess.es\/","name":"RFESS","description":"Real Federaci\u00f3n Espa\u00f1ola de Salvamento y Socorrismo RFESS","publisher":{"@id":"https:\/\/rfess.es\/#organization"},"potentialAction":[{"@type":"SearchAction","target":{"@type":"EntryPoint","urlTemplate":"https:\/\/rfess.es\/?s={search_term_string}"},"query-input":{"@type":"PropertyValueSpecification","valueRequired":true,"valueName":"search_term_string"}}],"inLanguage":"es"},{"@type":"Organization","@id":"https:\/\/rfess.es\/#organization","name":"RFESS","url":"https:\/\/rfess.es\/","logo":{"@type":"ImageObject","inLanguage":"es","@id":"https:\/\/rfess.es\/#\/schema\/logo\/image\/","url":"https:\/\/rfess.es\/wp-content\/uploads\/2025\/10\/logo-rfess.png","contentUrl":"https:\/\/rfess.es\/wp-content\/uploads\/2025\/10\/logo-rfess.png","width":544,"height":180,"caption":"RFESS"},"image":{"@id":"https:\/\/rfess.es\/#\/schema\/logo\/image\/"}},{"@type":"Person","@id":"https:\/\/rfess.es\/#\/schema\/person\/963a582f21b2c91851ea6bdff1dba3e0","name":"comunicacion@rfess.es","image":{"@type":"ImageObject","inLanguage":"es","@id":"https:\/\/secure.gravatar.com\/avatar\/b1c4e533fbcd42ee10521a1130e528fcf474bcce8dd4c8885676f3ceebc6a033?s=96&d=mm&r=g","url":"https:\/\/secure.gravatar.com\/avatar\/b1c4e533fbcd42ee10521a1130e528fcf474bcce8dd4c8885676f3ceebc6a033?s=96&d=mm&r=g","contentUrl":"https:\/\/secure.gravatar.com\/avatar\/b1c4e533fbcd42ee10521a1130e528fcf474bcce8dd4c8885676f3ceebc6a033?s=96&d=mm&r=g","caption":"comunicacion@rfess.es"},"url":"https:\/\/rfess.es\/es\/author\/comunicacionrfess-es\/"}]}},"_links":{"self":[{"href":"https:\/\/rfess.es\/es\/wp-json\/wp\/v2\/posts\/989721","targetHints":{"allow":["GET"]}}],"collection":[{"href":"https:\/\/rfess.es\/es\/wp-json\/wp\/v2\/posts"}],"about":[{"href":"https:\/\/rfess.es\/es\/wp-json\/wp\/v2\/types\/post"}],"author":[{"embeddable":true,"href":"https:\/\/rfess.es\/es\/wp-json\/wp\/v2\/users\/6"}],"replies":[{"embeddable":true,"href":"https:\/\/rfess.es\/es\/wp-json\/wp\/v2\/comments?post=989721"}],"version-history":[{"count":5,"href":"https:\/\/rfess.es\/es\/wp-json\/wp\/v2\/posts\/989721\/revisions"}],"predecessor-version":[{"id":989732,"href":"https:\/\/rfess.es\/es\/wp-json\/wp\/v2\/posts\/989721\/revisions\/989732"}],"wp:featuredmedia":[{"embeddable":true,"href":"https:\/\/rfess.es\/es\/wp-json\/wp\/v2\/media\/989723"}],"wp:attachment":[{"href":"https:\/\/rfess.es\/es\/wp-json\/wp\/v2\/media?parent=989721"}],"wp:term":[{"taxonomy":"category","embeddable":true,"href":"https:\/\/rfess.es\/es\/wp-json\/wp\/v2\/categories?post=989721"},{"taxonomy":"post_tag","embeddable":true,"href":"https:\/\/rfess.es\/es\/wp-json\/wp\/v2\/tags?post=989721"}],"curies":[{"name":"wp","href":"https:\/\/api.w.org\/{rel}","templated":true}]}}