{"id":989688,"date":"2025-12-23T08:00:22","date_gmt":"2025-12-23T07:00:22","guid":{"rendered":"https:\/\/rfess.es\/?p=989688"},"modified":"2026-02-02T11:32:08","modified_gmt":"2026-02-02T10:32:08","slug":"sedes-de-los-campeonatos-de-espana-de-playa-del-2026","status":"publish","type":"post","link":"https:\/\/rfess.es\/es\/sedes-de-los-campeonatos-de-espana-de-playa-del-2026\/","title":{"rendered":"Sedes de los Campeonatos de Espa\u00f1a de Playa del 2026"},"content":{"rendered":"<div data-elementor-type=\"wp-post\" data-elementor-id=\"989688\" class=\"elementor elementor-989688\" data-elementor-post-type=\"post\">\n\t\t\t\t<div class=\"elementor-element elementor-element-2ee28a5 e-flex e-con-boxed e-con e-parent\" data-id=\"2ee28a5\" data-element_type=\"container\" data-e-type=\"container\">\n\t\t\t\t\t<div class=\"e-con-inner\">\n\t\t\t\t<div class=\"vamtam-has-theme-widget-styles elementor-element elementor-element-2ca02c3 elementor-widget elementor-widget-heading\" data-id=\"2ca02c3\" data-element_type=\"widget\" data-e-type=\"widget\" data-widget_type=\"heading.default\">\n\t\t\t\t<div class=\"elementor-widget-container\">\n\t\t\t\t\t<h2 class=\"elementor-heading-title elementor-size-default\">Loredo, Noja, Laredo y Carballo acoger\u00e1n las pruebas de aguas abiertas que se celebrar\u00e1n de junio a septiembre <\/h2>\t\t\t\t<\/div>\n\t\t\t\t<\/div>\n\t\t\t\t<div class=\"vamtam-has-theme-widget-styles elementor-element elementor-element-1defe45 elementor-widget elementor-widget-text-editor\" data-id=\"1defe45\" data-element_type=\"widget\" data-e-type=\"widget\" data-widget_type=\"text-editor.default\">\n\t\t\t\t<div class=\"elementor-widget-container\">\n\t\t\t\t\t\t\t\t\t<p class=\"p1\">Antes de las vacaciones de invierno, la Real Federaci\u00f3n Espa\u00f1ola de Salvamento y Socorrismo (RFESS) ha anunciado las sedes de los Campeonatos de Espa\u00f1a de Playa del 2026, con el objetivo de facilitar a deportistas, clubes y federaciones auton\u00f3micas la planificaci\u00f3n de sus viajes y calendarios con la m\u00e1xima antelaci\u00f3n posible.<\/p><p class=\"p1\">Las pruebas de aguas abiertas del calendario oficial dan el pistoletazo de salida en la Playa de Loredo. El municipio c\u00e1ntabro acoge los d\u00edas 27 y 28 de junio el XIII Campeonato de Espa\u00f1a M\u00e1ster de Playa.<\/p><p class=\"p1\">Para la categor\u00edas juvenil, j\u00fanior y absoluta, el municipio vecino de Noja acoger\u00e1 la siguiente cita, la primer edici\u00f3n del Campeonato de Espa\u00f1a Estival de Playa Open \u2013I Spanish Open Estival Championship- y VII Europe Cup, que se celebrar\u00e1 los d\u00edas 18 y 19 de julio en la Playa de Ris.<\/p>\t\t\t\t\t\t\t\t<\/div>\n\t\t\t\t<\/div>\n\t\t\t\t<div class=\"vamtam-has-theme-widget-styles elementor-element elementor-element-9d12299 elementor-widget elementor-widget-heading\" data-id=\"9d12299\" data-element_type=\"widget\" data-e-type=\"widget\" data-widget_type=\"heading.default\">\n\t\t\t\t<div class=\"elementor-widget-container\">\n\t\t\t\t\t<h2 class=\"elementor-heading-title elementor-size-default\">Juveniles, j\u00faniors y absolutos disputar\u00e1n el de Verano en septiembre<\/h2>\t\t\t\t<\/div>\n\t\t\t\t<\/div>\n\t\t\t\t<div class=\"vamtam-has-theme-widget-styles elementor-element elementor-element-d993b17 elementor-widget elementor-widget-text-editor\" data-id=\"d993b17\" data-element_type=\"widget\" data-e-type=\"widget\" data-widget_type=\"text-editor.default\">\n\t\t\t\t<div class=\"elementor-widget-container\">\n\t\t\t\t\t\t\t\t\t<p class=\"p1\">Por su parte, la XXXVIII edici\u00f3n de los Campeonatos de Espa\u00f1a de Verano de Playa tendr\u00e1n dos sedes y fechas diferenciadas. Del 24 al 26 de julio, los infantiles y cadetes disputar\u00e1n su prueba en la Playa La Salv\u00e9 de Laredo (Cantabria), mientras que las categor\u00edas juvenil, j\u00fanior y absoluta lo har\u00e1n en septiembre de 2026 en la Playa de Razo (A Coru\u00f1a, Galicia).<\/p><p class=\"p1\">El XXXVIII Campeonato de Espa\u00f1a Juvenil y J\u00fanior de Verano de Playa tendr\u00e1 lugar del 1 al 3 de septiembre y la edici\u00f3n absoluta le seguir\u00e1 del 4 al 6 del mismo mes.<\/p><p class=\"p1\">Posteriormente, del 25 al 27 de septiembre las Selecciones auton\u00f3micas afrontar\u00e1n los Campeonatos de Espa\u00f1a por Comunidades Aut\u00f3nomas, poniendo el broche de oro a la actual temporada 2025-2026, siendo \u00e9sta la \u00fanica sede por confirmar.<\/p><p class=\"p1\">De forma paralela, la RFESS ha agradecido el compromiso con el salvamento y socorrismo de las instituciones de Cantabria y Galicia, as\u00ed como de la Federaci\u00f3n C\u00e1ntabra de Salvamento y Socorrismo y la Federaci\u00f3n de Salvamento y Socorrismo de Galicia, junto a los clubes locales implicados, cuyo apoyo hace posible la celebraci\u00f3n de estos campeonatos nacionales.<\/p>\t\t\t\t\t\t\t\t<\/div>\n\t\t\t\t<\/div>\n\t\t\t\t<div class=\"elementor-element elementor-element-886dfe2 elementor-widget elementor-widget-image\" data-id=\"886dfe2\" data-element_type=\"widget\" data-e-type=\"widget\" data-widget_type=\"image.default\">\n\t\t\t\t<div class=\"elementor-widget-container\">\n\t\t\t\t\t\t\t\t\t\t\t\t\t\t\t<img fetchpriority=\"high\" decoding=\"async\" width=\"1086\" height=\"611\" src=\"https:\/\/rfess.es\/wp-content\/uploads\/2025\/12\/2025-12-23-FOTOGRAFIA-1-Anunciadas-Sedes-Campeonatos-de-Espana-de-Playa-2026.jpg\" class=\"attachment-full size-full wp-image-989714\" alt=\"\" srcset=\"https:\/\/rfess.es\/wp-content\/uploads\/2025\/12\/2025-12-23-FOTOGRAFIA-1-Anunciadas-Sedes-Campeonatos-de-Espana-de-Playa-2026.jpg 1086w, https:\/\/rfess.es\/wp-content\/uploads\/2025\/12\/2025-12-23-FOTOGRAFIA-1-Anunciadas-Sedes-Campeonatos-de-Espana-de-Playa-2026-300x169.jpg 300w, https:\/\/rfess.es\/wp-content\/uploads\/2025\/12\/2025-12-23-FOTOGRAFIA-1-Anunciadas-Sedes-Campeonatos-de-Espana-de-Playa-2026-1024x576.jpg 1024w, https:\/\/rfess.es\/wp-content\/uploads\/2025\/12\/2025-12-23-FOTOGRAFIA-1-Anunciadas-Sedes-Campeonatos-de-Espana-de-Playa-2026-768x432.jpg 768w\" sizes=\"(max-width: 1086px) 100vw, 1086px\" \/>\t\t\t\t\t\t\t\t\t\t\t\t\t\t\t<\/div>\n\t\t\t\t<\/div>\n\t\t\t\t\t<\/div>\n\t\t\t\t<\/div>\n\t\t\t\t<\/div>","protected":false},"excerpt":{"rendered":"<p>LA RFESS anuncia las sedes de los Campeonatos de Espa\u00f1a de Playa del 2026<\/p>","protected":false},"author":6,"featured_media":989690,"comment_status":"closed","ping_status":"closed","sticky":false,"template":"","format":"standard","meta":{"_acf_changed":false,"footnotes":""},"categories":[1],"tags":[],"class_list":["post-989688","post","type-post","status-publish","format-standard","has-post-thumbnail","hentry","category-sin-categoria"],"acf":[],"yoast_head":"<!-- This site is optimized with the Yoast SEO plugin v27.3 - https:\/\/yoast.com\/product\/yoast-seo-wordpress\/ -->\n<title>Sedes de los Campeonatos de Espa\u00f1a de Playa del 2026 - RFESS<\/title>\n<meta name=\"robots\" content=\"index, follow, max-snippet:-1, max-image-preview:large, max-video-preview:-1\" \/>\n<link rel=\"canonical\" href=\"https:\/\/rfess.es\/es\/sedes-de-los-campeonatos-de-espana-de-playa-del-2026\/\" \/>\n<meta property=\"og:locale\" content=\"es_ES\" \/>\n<meta property=\"og:type\" content=\"article\" \/>\n<meta property=\"og:title\" content=\"Sedes de los Campeonatos de Espa\u00f1a de Playa del 2026 - RFESS\" \/>\n<meta property=\"og:description\" content=\"LA RFESS anuncia las sedes de los Campeonatos de Espa\u00f1a de Playa del 2026\" \/>\n<meta property=\"og:url\" content=\"https:\/\/rfess.es\/es\/sedes-de-los-campeonatos-de-espana-de-playa-del-2026\/\" \/>\n<meta property=\"og:site_name\" content=\"RFESS\" \/>\n<meta property=\"article:published_time\" content=\"2025-12-23T07:00:22+00:00\" \/>\n<meta property=\"article:modified_time\" content=\"2026-02-02T10:32:08+00:00\" \/>\n<meta property=\"og:image\" content=\"https:\/\/rfess.es\/wp-content\/uploads\/2025\/12\/2025-12-23-FOTOGRAFIA-2-Anunciadas-Sedes-Campeonatos-de-Espana-de-Playa-2026.jpg\" \/>\n\t<meta property=\"og:image:width\" content=\"1086\" \/>\n\t<meta property=\"og:image:height\" content=\"611\" \/>\n\t<meta property=\"og:image:type\" content=\"image\/jpeg\" \/>\n<meta name=\"author\" content=\"comunicacion@rfess.es\" \/>\n<meta name=\"twitter:card\" content=\"summary_large_image\" \/>\n<meta name=\"twitter:label1\" content=\"Escrito por\" \/>\n\t<meta name=\"twitter:data1\" content=\"comunicacion@rfess.es\" \/>\n\t<meta name=\"twitter:label2\" content=\"Tiempo de lectura\" \/>\n\t<meta name=\"twitter:data2\" content=\"2 minutos\" \/>\n<script type=\"application\/ld+json\" class=\"yoast-schema-graph\">{\"@context\":\"https:\\\/\\\/schema.org\",\"@graph\":[{\"@type\":\"Article\",\"@id\":\"https:\\\/\\\/rfess.es\\\/sedes-de-los-campeonatos-de-espana-de-playa-del-2026\\\/#article\",\"isPartOf\":{\"@id\":\"https:\\\/\\\/rfess.es\\\/sedes-de-los-campeonatos-de-espana-de-playa-del-2026\\\/\"},\"author\":{\"name\":\"comunicacion@rfess.es\",\"@id\":\"https:\\\/\\\/rfess.es\\\/#\\\/schema\\\/person\\\/963a582f21b2c91851ea6bdff1dba3e0\"},\"headline\":\"Sedes de los Campeonatos de Espa\u00f1a de Playa del 2026\",\"datePublished\":\"2025-12-23T07:00:22+00:00\",\"dateModified\":\"2026-02-02T10:32:08+00:00\",\"mainEntityOfPage\":{\"@id\":\"https:\\\/\\\/rfess.es\\\/sedes-de-los-campeonatos-de-espana-de-playa-del-2026\\\/\"},\"wordCount\":390,\"publisher\":{\"@id\":\"https:\\\/\\\/rfess.es\\\/#organization\"},\"image\":{\"@id\":\"https:\\\/\\\/rfess.es\\\/sedes-de-los-campeonatos-de-espana-de-playa-del-2026\\\/#primaryimage\"},\"thumbnailUrl\":\"https:\\\/\\\/rfess.es\\\/wp-content\\\/uploads\\\/2025\\\/12\\\/2025-12-23-FOTOGRAFIA-2-Anunciadas-Sedes-Campeonatos-de-Espana-de-Playa-2026.jpg\",\"inLanguage\":\"es\"},{\"@type\":\"WebPage\",\"@id\":\"https:\\\/\\\/rfess.es\\\/sedes-de-los-campeonatos-de-espana-de-playa-del-2026\\\/\",\"url\":\"https:\\\/\\\/rfess.es\\\/sedes-de-los-campeonatos-de-espana-de-playa-del-2026\\\/\",\"name\":\"Sedes de los Campeonatos de Espa\u00f1a de Playa del 2026 - RFESS\",\"isPartOf\":{\"@id\":\"https:\\\/\\\/rfess.es\\\/#website\"},\"primaryImageOfPage\":{\"@id\":\"https:\\\/\\\/rfess.es\\\/sedes-de-los-campeonatos-de-espana-de-playa-del-2026\\\/#primaryimage\"},\"image\":{\"@id\":\"https:\\\/\\\/rfess.es\\\/sedes-de-los-campeonatos-de-espana-de-playa-del-2026\\\/#primaryimage\"},\"thumbnailUrl\":\"https:\\\/\\\/rfess.es\\\/wp-content\\\/uploads\\\/2025\\\/12\\\/2025-12-23-FOTOGRAFIA-2-Anunciadas-Sedes-Campeonatos-de-Espana-de-Playa-2026.jpg\",\"datePublished\":\"2025-12-23T07:00:22+00:00\",\"dateModified\":\"2026-02-02T10:32:08+00:00\",\"breadcrumb\":{\"@id\":\"https:\\\/\\\/rfess.es\\\/sedes-de-los-campeonatos-de-espana-de-playa-del-2026\\\/#breadcrumb\"},\"inLanguage\":\"es\",\"potentialAction\":[{\"@type\":\"ReadAction\",\"target\":[\"https:\\\/\\\/rfess.es\\\/sedes-de-los-campeonatos-de-espana-de-playa-del-2026\\\/\"]}]},{\"@type\":\"ImageObject\",\"inLanguage\":\"es\",\"@id\":\"https:\\\/\\\/rfess.es\\\/sedes-de-los-campeonatos-de-espana-de-playa-del-2026\\\/#primaryimage\",\"url\":\"https:\\\/\\\/rfess.es\\\/wp-content\\\/uploads\\\/2025\\\/12\\\/2025-12-23-FOTOGRAFIA-2-Anunciadas-Sedes-Campeonatos-de-Espana-de-Playa-2026.jpg\",\"contentUrl\":\"https:\\\/\\\/rfess.es\\\/wp-content\\\/uploads\\\/2025\\\/12\\\/2025-12-23-FOTOGRAFIA-2-Anunciadas-Sedes-Campeonatos-de-Espana-de-Playa-2026.jpg\",\"width\":1086,\"height\":611},{\"@type\":\"BreadcrumbList\",\"@id\":\"https:\\\/\\\/rfess.es\\\/sedes-de-los-campeonatos-de-espana-de-playa-del-2026\\\/#breadcrumb\",\"itemListElement\":[{\"@type\":\"ListItem\",\"position\":1,\"name\":\"Portada\",\"item\":\"https:\\\/\\\/rfess.es\\\/\"},{\"@type\":\"ListItem\",\"position\":2,\"name\":\"Sedes de los Campeonatos de Espa\u00f1a de Playa del 2026\"}]},{\"@type\":\"WebSite\",\"@id\":\"https:\\\/\\\/rfess.es\\\/#website\",\"url\":\"https:\\\/\\\/rfess.es\\\/\",\"name\":\"RFESS\",\"description\":\"Real Federaci\u00f3n Espa\u00f1ola de Salvamento y Socorrismo RFESS\",\"publisher\":{\"@id\":\"https:\\\/\\\/rfess.es\\\/#organization\"},\"potentialAction\":[{\"@type\":\"SearchAction\",\"target\":{\"@type\":\"EntryPoint\",\"urlTemplate\":\"https:\\\/\\\/rfess.es\\\/?s={search_term_string}\"},\"query-input\":{\"@type\":\"PropertyValueSpecification\",\"valueRequired\":true,\"valueName\":\"search_term_string\"}}],\"inLanguage\":\"es\"},{\"@type\":\"Organization\",\"@id\":\"https:\\\/\\\/rfess.es\\\/#organization\",\"name\":\"RFESS\",\"url\":\"https:\\\/\\\/rfess.es\\\/\",\"logo\":{\"@type\":\"ImageObject\",\"inLanguage\":\"es\",\"@id\":\"https:\\\/\\\/rfess.es\\\/#\\\/schema\\\/logo\\\/image\\\/\",\"url\":\"https:\\\/\\\/rfess.es\\\/wp-content\\\/uploads\\\/2025\\\/10\\\/logo-rfess.png\",\"contentUrl\":\"https:\\\/\\\/rfess.es\\\/wp-content\\\/uploads\\\/2025\\\/10\\\/logo-rfess.png\",\"width\":544,\"height\":180,\"caption\":\"RFESS\"},\"image\":{\"@id\":\"https:\\\/\\\/rfess.es\\\/#\\\/schema\\\/logo\\\/image\\\/\"}},{\"@type\":\"Person\",\"@id\":\"https:\\\/\\\/rfess.es\\\/#\\\/schema\\\/person\\\/963a582f21b2c91851ea6bdff1dba3e0\",\"name\":\"comunicacion@rfess.es\",\"image\":{\"@type\":\"ImageObject\",\"inLanguage\":\"es\",\"@id\":\"https:\\\/\\\/secure.gravatar.com\\\/avatar\\\/b1c4e533fbcd42ee10521a1130e528fcf474bcce8dd4c8885676f3ceebc6a033?s=96&d=mm&r=g\",\"url\":\"https:\\\/\\\/secure.gravatar.com\\\/avatar\\\/b1c4e533fbcd42ee10521a1130e528fcf474bcce8dd4c8885676f3ceebc6a033?s=96&d=mm&r=g\",\"contentUrl\":\"https:\\\/\\\/secure.gravatar.com\\\/avatar\\\/b1c4e533fbcd42ee10521a1130e528fcf474bcce8dd4c8885676f3ceebc6a033?s=96&d=mm&r=g\",\"caption\":\"comunicacion@rfess.es\"},\"url\":\"https:\\\/\\\/rfess.es\\\/es\\\/author\\\/comunicacionrfess-es\\\/\"}]}<\/script>\n<!-- \/ Yoast SEO plugin. -->","yoast_head_json":{"title":"Sedes de los Campeonatos de Espa\u00f1a de Playa del 2026 - RFESS","robots":{"index":"index","follow":"follow","max-snippet":"max-snippet:-1","max-image-preview":"max-image-preview:large","max-video-preview":"max-video-preview:-1"},"canonical":"https:\/\/rfess.es\/es\/sedes-de-los-campeonatos-de-espana-de-playa-del-2026\/","og_locale":"es_ES","og_type":"article","og_title":"Sedes de los Campeonatos de Espa\u00f1a de Playa del 2026 - RFESS","og_description":"LA RFESS anuncia las sedes de los Campeonatos de Espa\u00f1a de Playa del 2026","og_url":"https:\/\/rfess.es\/es\/sedes-de-los-campeonatos-de-espana-de-playa-del-2026\/","og_site_name":"RFESS","article_published_time":"2025-12-23T07:00:22+00:00","article_modified_time":"2026-02-02T10:32:08+00:00","og_image":[{"width":1086,"height":611,"url":"https:\/\/rfess.es\/wp-content\/uploads\/2025\/12\/2025-12-23-FOTOGRAFIA-2-Anunciadas-Sedes-Campeonatos-de-Espana-de-Playa-2026.jpg","type":"image\/jpeg"}],"author":"comunicacion@rfess.es","twitter_card":"summary_large_image","twitter_misc":{"Escrito por":"comunicacion@rfess.es","Tiempo de lectura":"2 minutos"},"schema":{"@context":"https:\/\/schema.org","@graph":[{"@type":"Article","@id":"https:\/\/rfess.es\/sedes-de-los-campeonatos-de-espana-de-playa-del-2026\/#article","isPartOf":{"@id":"https:\/\/rfess.es\/sedes-de-los-campeonatos-de-espana-de-playa-del-2026\/"},"author":{"name":"comunicacion@rfess.es","@id":"https:\/\/rfess.es\/#\/schema\/person\/963a582f21b2c91851ea6bdff1dba3e0"},"headline":"Sedes de los Campeonatos de Espa\u00f1a de Playa del 2026","datePublished":"2025-12-23T07:00:22+00:00","dateModified":"2026-02-02T10:32:08+00:00","mainEntityOfPage":{"@id":"https:\/\/rfess.es\/sedes-de-los-campeonatos-de-espana-de-playa-del-2026\/"},"wordCount":390,"publisher":{"@id":"https:\/\/rfess.es\/#organization"},"image":{"@id":"https:\/\/rfess.es\/sedes-de-los-campeonatos-de-espana-de-playa-del-2026\/#primaryimage"},"thumbnailUrl":"https:\/\/rfess.es\/wp-content\/uploads\/2025\/12\/2025-12-23-FOTOGRAFIA-2-Anunciadas-Sedes-Campeonatos-de-Espana-de-Playa-2026.jpg","inLanguage":"es"},{"@type":"WebPage","@id":"https:\/\/rfess.es\/sedes-de-los-campeonatos-de-espana-de-playa-del-2026\/","url":"https:\/\/rfess.es\/sedes-de-los-campeonatos-de-espana-de-playa-del-2026\/","name":"Sedes de los Campeonatos de Espa\u00f1a de Playa del 2026 - RFESS","isPartOf":{"@id":"https:\/\/rfess.es\/#website"},"primaryImageOfPage":{"@id":"https:\/\/rfess.es\/sedes-de-los-campeonatos-de-espana-de-playa-del-2026\/#primaryimage"},"image":{"@id":"https:\/\/rfess.es\/sedes-de-los-campeonatos-de-espana-de-playa-del-2026\/#primaryimage"},"thumbnailUrl":"https:\/\/rfess.es\/wp-content\/uploads\/2025\/12\/2025-12-23-FOTOGRAFIA-2-Anunciadas-Sedes-Campeonatos-de-Espana-de-Playa-2026.jpg","datePublished":"2025-12-23T07:00:22+00:00","dateModified":"2026-02-02T10:32:08+00:00","breadcrumb":{"@id":"https:\/\/rfess.es\/sedes-de-los-campeonatos-de-espana-de-playa-del-2026\/#breadcrumb"},"inLanguage":"es","potentialAction":[{"@type":"ReadAction","target":["https:\/\/rfess.es\/sedes-de-los-campeonatos-de-espana-de-playa-del-2026\/"]}]},{"@type":"ImageObject","inLanguage":"es","@id":"https:\/\/rfess.es\/sedes-de-los-campeonatos-de-espana-de-playa-del-2026\/#primaryimage","url":"https:\/\/rfess.es\/wp-content\/uploads\/2025\/12\/2025-12-23-FOTOGRAFIA-2-Anunciadas-Sedes-Campeonatos-de-Espana-de-Playa-2026.jpg","contentUrl":"https:\/\/rfess.es\/wp-content\/uploads\/2025\/12\/2025-12-23-FOTOGRAFIA-2-Anunciadas-Sedes-Campeonatos-de-Espana-de-Playa-2026.jpg","width":1086,"height":611},{"@type":"BreadcrumbList","@id":"https:\/\/rfess.es\/sedes-de-los-campeonatos-de-espana-de-playa-del-2026\/#breadcrumb","itemListElement":[{"@type":"ListItem","position":1,"name":"Portada","item":"https:\/\/rfess.es\/"},{"@type":"ListItem","position":2,"name":"Sedes de los Campeonatos de Espa\u00f1a de Playa del 2026"}]},{"@type":"WebSite","@id":"https:\/\/rfess.es\/#website","url":"https:\/\/rfess.es\/","name":"RFESS","description":"Real Federaci\u00f3n Espa\u00f1ola de Salvamento y Socorrismo RFESS","publisher":{"@id":"https:\/\/rfess.es\/#organization"},"potentialAction":[{"@type":"SearchAction","target":{"@type":"EntryPoint","urlTemplate":"https:\/\/rfess.es\/?s={search_term_string}"},"query-input":{"@type":"PropertyValueSpecification","valueRequired":true,"valueName":"search_term_string"}}],"inLanguage":"es"},{"@type":"Organization","@id":"https:\/\/rfess.es\/#organization","name":"RFESS","url":"https:\/\/rfess.es\/","logo":{"@type":"ImageObject","inLanguage":"es","@id":"https:\/\/rfess.es\/#\/schema\/logo\/image\/","url":"https:\/\/rfess.es\/wp-content\/uploads\/2025\/10\/logo-rfess.png","contentUrl":"https:\/\/rfess.es\/wp-content\/uploads\/2025\/10\/logo-rfess.png","width":544,"height":180,"caption":"RFESS"},"image":{"@id":"https:\/\/rfess.es\/#\/schema\/logo\/image\/"}},{"@type":"Person","@id":"https:\/\/rfess.es\/#\/schema\/person\/963a582f21b2c91851ea6bdff1dba3e0","name":"comunicacion@rfess.es","image":{"@type":"ImageObject","inLanguage":"es","@id":"https:\/\/secure.gravatar.com\/avatar\/b1c4e533fbcd42ee10521a1130e528fcf474bcce8dd4c8885676f3ceebc6a033?s=96&d=mm&r=g","url":"https:\/\/secure.gravatar.com\/avatar\/b1c4e533fbcd42ee10521a1130e528fcf474bcce8dd4c8885676f3ceebc6a033?s=96&d=mm&r=g","contentUrl":"https:\/\/secure.gravatar.com\/avatar\/b1c4e533fbcd42ee10521a1130e528fcf474bcce8dd4c8885676f3ceebc6a033?s=96&d=mm&r=g","caption":"comunicacion@rfess.es"},"url":"https:\/\/rfess.es\/es\/author\/comunicacionrfess-es\/"}]}},"_links":{"self":[{"href":"https:\/\/rfess.es\/es\/wp-json\/wp\/v2\/posts\/989688","targetHints":{"allow":["GET"]}}],"collection":[{"href":"https:\/\/rfess.es\/es\/wp-json\/wp\/v2\/posts"}],"about":[{"href":"https:\/\/rfess.es\/es\/wp-json\/wp\/v2\/types\/post"}],"author":[{"embeddable":true,"href":"https:\/\/rfess.es\/es\/wp-json\/wp\/v2\/users\/6"}],"replies":[{"embeddable":true,"href":"https:\/\/rfess.es\/es\/wp-json\/wp\/v2\/comments?post=989688"}],"version-history":[{"count":8,"href":"https:\/\/rfess.es\/es\/wp-json\/wp\/v2\/posts\/989688\/revisions"}],"predecessor-version":[{"id":989717,"href":"https:\/\/rfess.es\/es\/wp-json\/wp\/v2\/posts\/989688\/revisions\/989717"}],"wp:featuredmedia":[{"embeddable":true,"href":"https:\/\/rfess.es\/es\/wp-json\/wp\/v2\/media\/989690"}],"wp:attachment":[{"href":"https:\/\/rfess.es\/es\/wp-json\/wp\/v2\/media?parent=989688"}],"wp:term":[{"taxonomy":"category","embeddable":true,"href":"https:\/\/rfess.es\/es\/wp-json\/wp\/v2\/categories?post=989688"},{"taxonomy":"post_tag","embeddable":true,"href":"https:\/\/rfess.es\/es\/wp-json\/wp\/v2\/tags?post=989688"}],"curies":[{"name":"wp","href":"https:\/\/api.w.org\/{rel}","templated":true}]}}